{"id":526576,"date":"2025-11-11T06:40:14","date_gmt":"2025-11-11T06:40:14","guid":{"rendered":"https:\/\/www.europesays.com\/fr\/526576\/"},"modified":"2025-11-11T06:40:14","modified_gmt":"2025-11-11T06:40:14","slug":"pour-ce-collectif-le-compte-ny-est-pas-dans-ce-futur-plan-local-durbanisme-pres-de-nantes","status":"publish","type":"post","link":"https:\/\/www.europesays.com\/fr\/526576\/","title":{"rendered":"Pour ce collectif, \u00ab le compte n&rsquo;y est pas \u00bb dans ce futur plan local d&rsquo;urbanisme pr\u00e8s de Nantes"},"content":{"rendered":"<p>            Par<br \/>\n        <strong><br \/>\n            <a href=\"https:\/\/actu.fr\/auteur\/vincent-malboeuf\" title=\"Consulter tous les articles de Vincent Malb\u0153uf\" target=\"_blank\" rel=\"noopener\">Vincent Malb\u0153uf<\/a><br \/>\n        <\/strong><\/p>\n<p>        Publi\u00e9 le<\/p>\n<p>            11 nov. 2025 \u00e0 7h16        <\/p>\n<p><a href=\"https:\/\/actu.fr\/pays-de-la-loire\/le-loroux-bottereau_44084\/la-population-invitee-a-sexprimer-sur-les-futures-regles-durbanisme-de-ce-territoire-pres-de-nantes_63113253.html\" target=\"_blank\" rel=\"noopener\">L\u2019enqu\u00eate publique sur le premier Plan local d\u2019urbanisme intercommunal (PLUi) <\/a>s\u2019est achev\u00e9e le 15\u00a0octobre dernier. <b>Le collectif Environnement S\u00e8vre et Loire <\/b>reconna\u00eet avoir \u00ab lu attentivement tous les documents \u00e0 disposition \u00bb et \u00ab livr\u00e9 une analyse critique de 20 pages \u00bb remise aux commissaires-enqu\u00eateurs.<\/p>\n<p class=\" wall-content\">Pour ce <b>collectif de citoyens,<\/b> soucieux de d\u00e9fendre les int\u00e9r\u00eats du vivant, la biodiversit\u00e9 et la justice climatique et sociale, \u00ab le compte n\u2019y est pas \u00bb, s\u2019exprime-t-il dans son communiqu\u00e9 de presse.<\/p>\n<blockquote class=\"ac-article-quote wall-content\">\n<p>Alors que nous avons besoin d\u2019habitats accessibles au plus grand nombre, d\u2019une protection accrue de nos espaces naturels, d\u2019am\u00e9nagements adapt\u00e9s face aux changements climatiques et aux \u00e9volutions d\u2019usages, d\u2019une agriculture locale, r\u00e9siliente et respectueuse de l\u2019environnement, le futur PLUi n\u2019est pas \u00e0 la hauteur.<\/p>\n<p>Le collectif Environnement S\u00e8vre et Loire<\/p><\/blockquote>\n<p>Inqui\u00e9tude pour l\u2019agriculture\u2026<\/p>\n<p class=\" wall-content\"><b>Concernant l\u2019artificialisation des sols<\/b>, le PLUi se base, selon lui, \u00ab sur des chiffres calqu\u00e9s sur le SCOT (Sch\u00e9ma de coh\u00e9rence territoriale) en particulier\u00a0sur le calcul des surfaces artificialis\u00e9es entre\u00a02011 et\u00a02021. Les dispositions de la Loi Climat\u00a0doivent \u00eatre respect\u00e9es et l\u2019enveloppe ZAN doit \u00eatre d\u00e9termin\u00e9e de mani\u00e8re transparente et fiable \u00bb.<\/p>\n<p class=\" wall-content\">Pour l\u2019agriculture, le collectif cr\u00e9\u00e9 en 2022 regrette que le PLUi \u00ab ne pr\u00e9voie pas de plan pr\u00e9visionnel ni pour la mise en \u0153uvre de m\u00e9thodes respectueuses de l\u2019environnement ni pour la valorisation des productions locales \u00bb.<\/p>\n<p class=\" wall-content\">Et vise les <a href=\"https:\/\/actu.fr\/pays-de-la-loire\/divatte-sur-loire_44029\/eau-environnement-integration-paysagere-plastique-les-grands-defis-du-maraichage-en-loire-atlantique_57019576.html\" target=\"_blank\" rel=\"noopener\">Grands abris plastiques du mara\u00eechage<\/a> pour qui \u00ab\u00a0il n\u2019y a aucune r\u00e9flexion sur l\u2019infiltration et l\u2019\u00e9coulement des eaux pluviales sur ces immenses surfaces de plastique alors qu\u2019une r\u00e9cente \u00e9tude alerte sur l\u2019exposition aux pesticides des riverains de zones viticoles\u00a0\u00bb et que \u00ab\u00a095 % des 38 masses d\u2019eau-cours d\u2019eau du territoire du SAGE sont class\u00e9es en \u00e9tat \u00e9cologique m\u00e9diocre \u00e0 mauvais\u00a0\u00bb.<\/p>\n<p>Vid\u00e9os : en ce moment sur Actu\u2026 et l\u2019habitat<\/p>\n<p class=\" wall-content\"><a href=\"https:\/\/www.collenvisl.fr\/\" target=\"_blank\" rel=\"noopener\">Le collectif <\/a>s\u2019inqui\u00e8te aussi pour <b>l\u2019habitat<\/b>.<\/p>\n<p>Votre r\u00e9gion, votre actu !<\/p>\n<p>Recevez chaque jour les infos qui comptent pour vous.<\/p>\n<p>\t<a href=\"https:\/\/actu.fr\/newsletter\" class=\"ac-btn ac-btn--corner ac-btn--medium ac-btn--blue800\" target=\"_blank\" rel=\"noopener\">S&rsquo;incrire<\/a><\/p>\n<blockquote class=\"ac-article-quote wall-content\">\n<p>Alors que 59 hectares sont pr\u00e9vus pour l\u2019habitat sur tout le territoire, avec la loi ZAN (Z\u00e9ro artificialisation nette), 11 sont pr\u00e9vus pour le zoo de la Boissi\u00e8re-du-Dor\u00e9 ! La diminution brutale de l\u2019enveloppe fonci\u00e8re d\u00e9di\u00e9e \u00e0 l\u2019habitat va m\u00e9caniquement entra\u00eener une hausse du prix du foncier pour l\u2019habitat alors que la population jeune ou \u00e0 revenu mod\u00e9r\u00e9 a d\u00e9j\u00e0 du mal \u00e0 se loger en S\u00e8vre et Loire.<\/p>\n<p>Collectif Environnement S\u00e8vre et Loire<\/p><\/blockquote>\n<p class=\" wall-content\">Plusieurs OAP (Orientations d\u2019am\u00e9nagement et de programmation) sur le territoire <b>sont dans le viseur<\/b> et d\u00e9cortiqu\u00e9es dans son document de 20 pages.<\/p>\n<p class=\" wall-content\">\u00ab Les OAP semblent avoir \u00e9t\u00e9 faites sans r\u00e9elle conscience du terrain ni vision \u00e0 long terme. Par\u00a0exemple au Pallet, il est pr\u00e9vu de d\u00e9truire des commerces pour les reconstruire ensuite sur une place compl\u00e8tement artificielle alors que ces derniers sont des \u00e9l\u00e9ments structurants de l\u2019activit\u00e9 du bourg. Le tout en d\u00e9truisant des jardins pour en faire des parkings \u00bb.<\/p>\n<p class=\" wall-content\">En r\u00e9sum\u00e9, le PLUi de S\u00e8vre et Loire est \u00ab un document capital qui n\u2019est pas \u00e0 la hauteur des enjeux sociaux et environnementaux \u00bb, conclut le collectif.<\/p>\n<p>Contact : <a href=\"https:\/\/actu.fr\/cdn-cgi\/l\/email-protection\" class=\"__cf_email__\" data-cfemail=\"dab9b5b4aebbb9ae9ab9b5b6b6bfb4acb3a9b6f4b5a8bd\" target=\"_blank\" rel=\"noopener\">[email\u00a0protected]<\/a>.<\/p>\n<p class=\" wall-content\">Personnalisez votre actualit\u00e9 en ajoutant vos villes et m\u00e9dias en favori avec <a href=\"https:\/\/moncompte.actu.fr\" title=\"D\u00e9couvez Mon Actu\" rel=\"nofollow noopener\" data-trk=\"{&quot;cta&quot;:{&quot;action&quot;:&quot;https:\\\/\\\/moncompte.actu.fr&quot;,&quot;category&quot;:&quot;mon compte&quot;,&quot;from&quot;:&quot;article footer&quot;,&quot;name&quot;:&quot;Mon actu&quot;,&quot;type&quot;:&quot;cta&quot;}}\" target=\"_blank\">Mon Actu<\/a>.<\/p>\n","protected":false},"excerpt":{"rendered":"Par Vincent Malb\u0153uf Publi\u00e9 le 11 nov. 2025 \u00e0 7h16 L\u2019enqu\u00eate publique sur le premier Plan local d\u2019urbanisme&hellip;\n","protected":false},"author":2,"featured_media":526577,"comment_status":"","ping_status":"","sticky":false,"template":"","format":"standard","meta":{"footnotes":""},"categories":[2818],"tags":[1111,11,1777,674,1011,27,766,12,2636,25,104,1352,2900],"class_list":{"0":"post-526576","1":"post","2":"type-post","3":"status-publish","4":"format-standard","5":"has-post-thumbnail","7":"category-nantes","8":"tag-actu","9":"tag-actualites","10":"tag-eu","11":"tag-europe","12":"tag-fr","13":"tag-france","14":"tag-nantes","15":"tag-news","16":"tag-pays-de-la-loire","17":"tag-republique-francaise","18":"tag-societe","19":"tag-urbanisme","20":"tag-vignoble-nantais"},"share_on_mastodon":{"url":"https:\/\/pubeurope.com\/@fr\/115529700157028844","error":""},"_links":{"self":[{"href":"https:\/\/www.europesays.com\/fr\/wp-json\/wp\/v2\/posts\/526576","targetHints":{"allow":["GET"]}}],"collection":[{"href":"https:\/\/www.europesays.com\/fr\/wp-json\/wp\/v2\/posts"}],"about":[{"href":"https:\/\/www.europesays.com\/fr\/wp-json\/wp\/v2\/types\/post"}],"author":[{"embeddable":true,"href":"https:\/\/www.europesays.com\/fr\/wp-json\/wp\/v2\/users\/2"}],"replies":[{"embeddable":true,"href":"https:\/\/www.europesays.com\/fr\/wp-json\/wp\/v2\/comments?post=526576"}],"version-history":[{"count":0,"href":"https:\/\/www.europesays.com\/fr\/wp-json\/wp\/v2\/posts\/526576\/revisions"}],"wp:featuredmedia":[{"embeddable":true,"href":"https:\/\/www.europesays.com\/fr\/wp-json\/wp\/v2\/media\/526577"}],"wp:attachment":[{"href":"https:\/\/www.europesays.com\/fr\/wp-json\/wp\/v2\/media?parent=526576"}],"wp:term":[{"taxonomy":"category","embeddable":true,"href":"https:\/\/www.europesays.com\/fr\/wp-json\/wp\/v2\/categories?post=526576"},{"taxonomy":"post_tag","embeddable":true,"href":"https:\/\/www.europesays.com\/fr\/wp-json\/wp\/v2\/tags?post=526576"}],"curies":[{"name":"wp","href":"https:\/\/api.w.org\/{rel}","templated":true}]}}