{"id":526590,"date":"2025-11-11T06:48:11","date_gmt":"2025-11-11T06:48:11","guid":{"rendered":"https:\/\/www.europesays.com\/fr\/526590\/"},"modified":"2025-11-11T06:48:11","modified_gmt":"2025-11-11T06:48:11","slug":"a-lopera-de-marseille-falstaff-joue-la-farce","status":"publish","type":"post","link":"https:\/\/www.europesays.com\/fr\/526590\/","title":{"rendered":"\u00c0 l\u2019Op\u00e9ra de Marseille, Falstaff joue la farce"},"content":{"rendered":"<p>\u00ab\u00a0Tout dans le monde est farce. L\u2019homme est n\u00e9 farceur.\u00a0\u00bb C\u2019est le mot de la fin qui r\u00e9sume bien la premi\u00e8re repr\u00e9sentation de Falstaff, l\u2019ultime \u0153uvre de Giuseppe Verdi qu\u2019il a compos\u00e9 \u00e0 81 ans, dimanche apr\u00e8s-midi, \u00e0 <a href=\"https:\/\/www.laprovence.com\/article\/culture-loisirs\/1307155587858314\/khatia-buniatishvili-poetique-et-tout-feu-tout-flamme-a-l-opera-de-marseille\" target=\"_blank\" rel=\"noopener\">l\u2019Op\u00e9ra de Marseille<\/a>. Mis en sc\u00e8ne de fa\u00e7on originale par Denis Podalyd\u00e8s, sous la direction impeccable de <a href=\"https:\/\/www.laprovence.com\/article\/sortie-loisirs\/54848628280329\/michele-spotti-nouveau-chef-de-lopera-de-marseille-je-me-sens-figaro-a-marseille\" target=\"_blank\" rel=\"noopener\">Michele Spotti<\/a>, Falstaff transporte le public dans cette com\u00e9die shakespearienne men\u00e9e d\u2019une main de ma\u00eetre, d\u00e8s les premi\u00e8res minutes.<\/p>\n<p>Pas d\u2019ouverture, ni de pr\u00e9lude, Falstaff nous appara\u00eet au milieu d\u2019une querelle anecdotique de beuverie, dans un d\u00e9cor d\u2019h\u00f4pital, th\u00e9\u00e2tre du d\u00e9risoire. Murs blancs, portes battantes, lits roulants\u2026 Le plateau con\u00e7u par <a href=\"https:\/\/www.laprovence.com\/article\/culture-loisirs\/1293280456711515\/cet-ete-la-comedie-francaise-fera-son-grand-retour-au-palais-des-papes-lors-du-festival-d-avignon\" target=\"_blank\" rel=\"noopener\">\u00c9ric Ruf<\/a> \u00e9voque un service presque vide, froid, et laisse place \u00e0 une atmosph\u00e8re un brin surprenante. Comme si Falstaff, l\u2019homme bigger than life, \u00e9tait malade de vivre. Il aime manger, boire, esp\u00e9rer, plus que de raison.<\/p>\n<p>Des costumes dessin\u00e9s par Christian Lacroix<\/p>\n<p>Avec son imposante voix et son merveilleux jeu d\u2019acteur, le baryton italien Giulio Mastrototaro donne vie au personnage de Falstaff, tellement grossier qu\u2019il en deviendrait presque attachant. Tant\u00f4t dans son pyjama \u00e0 rayures vertes et bleues, tant\u00f4t v\u00eatu de &#8230;<\/p>\n","protected":false},"excerpt":{"rendered":"\u00ab\u00a0Tout dans le monde est farce. L\u2019homme est n\u00e9 farceur.\u00a0\u00bb C\u2019est le mot de la fin qui r\u00e9sume&hellip;\n","protected":false},"author":2,"featured_media":526591,"comment_status":"","ping_status":"","sticky":false,"template":"","format":"standard","meta":{"footnotes":""},"categories":[2814],"tags":[17,1111,11,251,1777,674,14661,64594,1011,27,16026,26910,884,12,882,25],"class_list":{"0":"post-526590","1":"post","2":"type-post","3":"status-publish","4":"format-standard","5":"has-post-thumbnail","7":"category-marseille","8":"tag-17","9":"tag-actu","10":"tag-actualites","11":"tag-culture","12":"tag-eu","13":"tag-europe","14":"tag-falstaff","15":"tag-farce","16":"tag-fr","17":"tag-france","18":"tag-joue","19":"tag-lopera","20":"tag-marseille","21":"tag-news","22":"tag-provence-alpes-cote-dazur","23":"tag-republique-francaise"},"share_on_mastodon":{"url":"https:\/\/pubeurope.com\/@fr\/115529731569564498","error":""},"_links":{"self":[{"href":"https:\/\/www.europesays.com\/fr\/wp-json\/wp\/v2\/posts\/526590","targetHints":{"allow":["GET"]}}],"collection":[{"href":"https:\/\/www.europesays.com\/fr\/wp-json\/wp\/v2\/posts"}],"about":[{"href":"https:\/\/www.europesays.com\/fr\/wp-json\/wp\/v2\/types\/post"}],"author":[{"embeddable":true,"href":"https:\/\/www.europesays.com\/fr\/wp-json\/wp\/v2\/users\/2"}],"replies":[{"embeddable":true,"href":"https:\/\/www.europesays.com\/fr\/wp-json\/wp\/v2\/comments?post=526590"}],"version-history":[{"count":0,"href":"https:\/\/www.europesays.com\/fr\/wp-json\/wp\/v2\/posts\/526590\/revisions"}],"wp:featuredmedia":[{"embeddable":true,"href":"https:\/\/www.europesays.com\/fr\/wp-json\/wp\/v2\/media\/526591"}],"wp:attachment":[{"href":"https:\/\/www.europesays.com\/fr\/wp-json\/wp\/v2\/media?parent=526590"}],"wp:term":[{"taxonomy":"category","embeddable":true,"href":"https:\/\/www.europesays.com\/fr\/wp-json\/wp\/v2\/categories?post=526590"},{"taxonomy":"post_tag","embeddable":true,"href":"https:\/\/www.europesays.com\/fr\/wp-json\/wp\/v2\/tags?post=526590"}],"curies":[{"name":"wp","href":"https:\/\/api.w.org\/{rel}","templated":true}]}}