{"id":526594,"date":"2025-11-11T06:50:11","date_gmt":"2025-11-11T06:50:11","guid":{"rendered":"https:\/\/www.europesays.com\/fr\/526594\/"},"modified":"2025-11-11T06:50:11","modified_gmt":"2025-11-11T06:50:11","slug":"lyon-lagresseur-abominable-des-terreaux-obtient-une-severe-deculottee-en-justice","status":"publish","type":"post","link":"https:\/\/www.europesays.com\/fr\/526594\/","title":{"rendered":"Lyon. L&rsquo;agresseur \u00ab\u00a0abominable\u00a0\u00bb des Terreaux obtient une s\u00e9v\u00e8re d\u00e9culott\u00e9e en justice"},"content":{"rendered":"<p>            Par<br \/>\n        <strong><br \/>\n            <a href=\"https:\/\/actu.fr\/auteur\/redaction-lyon\" title=\"Consulter tous les articles de R\u00e9daction Lyon\" target=\"_blank\" rel=\"noopener\">R\u00e9daction Lyon<\/a><br \/>\n        <\/strong><\/p>\n<p>        Publi\u00e9 le<\/p>\n<p>            11 nov. 2025 \u00e0 7h34        <\/p>\n<p>La chambre de l\u2019instruction de la cour d\u2019appel de <a href=\"https:\/\/actu.fr\/auvergne-rhone-alpes\/lyon_69123\" target=\"_blank\" rel=\"noopener\">Lyon<\/a> a <strong>maintenu en d\u00e9tention<\/strong> l\u2019homme qui avait \u00ab\u2009arrach\u00e9 l\u2019\u0153il droit\u2009\u00bb d\u2019un autre qui lui avait vol\u00e9 son t\u00e9l\u00e9phone dans le 1er arrondissement. La justice a <strong>prolong\u00e9 sa d\u00e9tention provisoire<\/strong>.<br \/>Le 28\u00a0avril 2024, un \u00e9quipage de police avait \u00e9t\u00e9 envoy\u00e9 sur la <a href=\"https:\/\/actu.fr\/auvergne-rhone-alpes\/lyon_69123\/lyon-operation-de-police-d-ampleur-aux-terreaux-les-arrestations-s-enchainent_62388865.html\" target=\"_blank\" rel=\"noopener\">place des Terreaux<\/a>\u2009: un homme y avait <strong>le \u00ab\u2009visage tum\u00e9fi\u00e9\u2009\u00bb et son \u00ab\u2009\u0153il droit \u00e9tait sorti de son orbite\u2009\u00bb<\/strong>. Son \u0153il gauche, lui, \u00e9tait \u00ab\u2009tr\u00e8s ab\u00eem\u00e9\u2009\u00bb. Transport\u00e9 \u00e0 l\u2019h\u00f4pital, il s\u2019\u00e9tait vu prescrire \u00ab\u2009trente jours\u2009\u00bb d\u2019interruption totale de travail (ITT). Son compagnon, moins gri\u00e8vement bless\u00e9, avait \u00e9cop\u00e9 de \u00ab\u2009trois jours\u2009\u00bb d\u2019ITT.<\/p>\n<p>Son \u0153il droit arrach\u00e9<\/p>\n<p class=\" wall-content\">Selon les t\u00e9moins, trois personnes s\u2019\u00e9taient en fait \u00ab\u2009jet\u00e9es\u2009\u00bb sur les deux hommes et les avaient \u00ab\u2009rou\u00e9s de coups\u2009\u00bb avant de partir en courant. Mais l\u2019exploitation des images de vid\u00e9osurveillance avait permis d\u2019\u00e9tablir que l\u2019altercation avait d\u00e9but\u00e9 quelques minutes plus t\u00f4t \u00e0 quelques m\u00e8tres de l\u00e0, devant le restaurant \u00ab\u2009Chicken House\u2009\u00bb situ\u00e9 rue Puits Gaillot.<\/p>\n<p class=\" wall-content\">Ali X. avait accus\u00e9 sa victime de lui avoir \u00ab\u2009vol\u00e9 son t\u00e9l\u00e9phone portable\u2009\u00bb, ce que les cam\u00e9ras avaient ensuite permis de confirmer. Il lui avait d\u2019abord ass\u00e9n\u00e9 un \u00ab\u2009coup de couteau dans le dos\u2009\u00bb avant de le poursuivre sur la place des Terreaux. Le voleur avait alors \u00e9t\u00e9 \u00ab\u2009maintenu au sol\u2009\u00bb par plusieurs individus, tandis qu\u2019Ali X. tentait de lui \u00ab\u2009arracher les yeux\u2009\u00bb. Il \u00e9tait d\u2019ailleurs parvenu \u00e0 lui \u00ab\u2009arracher l\u2019\u0153il droit\u2009\u00bb, mais avait \u00e9t\u00e9 stopp\u00e9 \u00ab\u2009avant de lui arracher le gauche\u2009\u00bb.<\/p>\n<p>Il devait \u00eatre remis en libert\u00e9 chez sa ma\u00eetresse<\/p>\n<p class=\" wall-content\">Les investigations avaient rapidement permis de remonter la trace de ce cuisinier dans une maison de retraite du quartier de la Croix-Rousse.<\/p>\n<p class=\" wall-content\">Il\u00a0avait \u00e9t\u00e9 plac\u00e9 en d\u00e9tention d\u00e8s le 1er\u00a0mai 2024. Ses deux complices \u00e9taient en fait ses fr\u00e8res. Apr\u00e8s un an de d\u00e9tention \u00e0 la <a href=\"https:\/\/actu.fr\/auvergne-rhone-alpes\/villefranche-sur-saone_69264\/violente-bagarre-a-la-prison-de-villefranche-pres-de-lyon-deux-detenus-en-urgence-absolue_63338836.html\" target=\"_blank\" rel=\"noopener\">prison de Lyon-Corbas<\/a>, un juge des libert\u00e9s et de la d\u00e9tention (JLD) avait d\u00e9cid\u00e9 de le rel\u00e2cher \u00ab\u2009sous contr\u00f4le judiciaire\u2009\u00bb \u00e0 Bourgoin-Jallieu (Is\u00e8re)\u2026 chez sa ma\u00eetresse.<\/p>\n<p class=\" wall-content\">Mais le minist\u00e8re public avait fait appel de sa d\u00e9cision.<\/p>\n<p>Votre r\u00e9gion, votre actu !<\/p>\n<p>Recevez chaque jour les infos qui comptent pour vous.<\/p>\n<p>\t<a href=\"https:\/\/actu.fr\/newsletter\" class=\"ac-btn ac-btn--corner ac-btn--medium ac-btn--blue800\" target=\"_blank\" rel=\"noopener\">S&rsquo;incrire<\/a><br \/>\n\u00ab\u2009C\u2019est un dossier tr\u00e8s choquant, aberrant, abominable\u2009\u00bb<\/p>\n<p class=\" wall-content\">\u00ab\u2009C\u2019est un dossier tr\u00e8s choquant, aberrant, abominable\u2009\u00bb, a confirm\u00e9 l\u2019avocate g\u00e9n\u00e9rale devant la chambre de l\u2019instruction de la cour d\u2019appel de Lyon. \u00ab\u2009On a du mal \u00e0 comprendre comment cette altercation somme toute banale peut d\u00e9g\u00e9n\u00e9rer \u00e0 ce point.\u2009\u00bb<\/p>\n<p class=\" wall-content\">\u00ab\u00a0La victime refuse pour l\u2019instant de se soumettre \u00e0 l\u2019expertise m\u00e9dicale, mais est priv\u00e9e de son \u0153il droit, a-t-elle d\u00e9taill\u00e9. \u00ab\u00a0Son \u0153il gauche, lui est tr\u00e8s ab\u00eem\u00e9\u00a0\u00bb<\/p>\n<p class=\" wall-content\">Face \u00e0 ce \u00ab\u2009geste qui ne doit pas avoir cours en 2025\u2009\u00bb, un contr\u00f4le judiciaire est \u00ab\u2009parfaitement inadapt\u00e9\u2009\u00bb. Elle a d\u2019ailleurs rappel\u00e9 qu\u2019Ali X. pourrait \u00ab\u2009compara\u00eetre aux assises si la qualification criminelle \u00e9tait retenue\u2009\u00bb. Pour l\u2019heure, des \u00ab\u2009investigations\u2009\u00bb se poursuivent.<\/p>\n<p>\u00ab\u2009Je m\u2019excuse, c\u2019est une erreur qui ne se reproduira jamais\u2009\u00bb<\/p>\n<p class=\" wall-content\">Mais \u00ab\u2009l\u2019expert a questionn\u00e9 le fait que c\u2019\u00e9tait un acte isol\u00e9\u2009\u00bb car cela ne \u00ab\u2009refl\u00e8te pas la personnalit\u00e9\u2009\u00bb de cet Alg\u00e9rien aujourd\u2019hui \u00e2g\u00e9 de 34\u00a0ans, a rappel\u00e9 son avocat. Me Tristan Jannot a d\u2019ailleurs estim\u00e9 qu\u2019il n\u2019y avait pas de risque de \u00ab\u2009trouble \u00e0 l\u2019ordre public\u2009\u00bb ni de \u00ab\u2009risque de pression\u2009\u00bb sur la victime, deux crit\u00e8res qui doivent pourtant fonder la justification du placement en d\u00e9tention provisoire.<\/p>\n<p class=\" wall-content\">\u00ab\u2009Je m\u2019excuse, c\u2019est une erreur qui ne se reproduira jamais\u2009\u00bb, a confirm\u00e9 l\u2019homme qui aurait pu \u00eatre \u00ab\u2009d\u00e9sinhib\u00e9 par l\u2019alcool\u2009\u00bb ce soir-l\u00e0. C\u2019est sa \u00ab\u2009premi\u00e8re fois en prison\u2009\u00bb alors que sa \u00ab\u2009vie devrait \u00eatre dehors, au travail\u2009\u00bb, a-t-il expliqu\u00e9 aux magistrats.<\/p>\n<p class=\" wall-content\">Mais la chambre de l\u2019instruction de la cour d\u2019appel de Lyon a finalement <strong>prolong\u00e9 sa d\u00e9tention provisoire<\/strong>.<\/p>\n<p class=\" wall-content\"><strong>MJ et GF (PressPepper)<\/strong><\/p>\n<p class=\" wall-content\">Personnalisez votre actualit\u00e9 en ajoutant vos villes et m\u00e9dias en favori avec <a href=\"https:\/\/moncompte.actu.fr\" title=\"D\u00e9couvez Mon Actu\" rel=\"nofollow noopener\" data-trk=\"{&quot;cta&quot;:{&quot;action&quot;:&quot;https:\\\/\\\/moncompte.actu.fr&quot;,&quot;category&quot;:&quot;mon compte&quot;,&quot;from&quot;:&quot;article footer&quot;,&quot;name&quot;:&quot;Mon actu&quot;,&quot;type&quot;:&quot;cta&quot;}}\" target=\"_blank\">Mon Actu<\/a>.<\/p>\n","protected":false},"excerpt":{"rendered":"Par R\u00e9daction Lyon Publi\u00e9 le 11 nov. 2025 \u00e0 7h34 La chambre de l\u2019instruction de la cour d\u2019appel&hellip;\n","protected":false},"author":2,"featured_media":526595,"comment_status":"","ping_status":"","sticky":false,"template":"","format":"standard","meta":{"footnotes":""},"categories":[1889],"tags":[1111,11,2430,1777,674,1011,27,303,2428,12,24442,1072,25,104],"class_list":{"0":"post-526594","1":"post","2":"type-post","3":"status-publish","4":"format-standard","5":"has-post-thumbnail","7":"category-lyon","8":"tag-actu","9":"tag-actualites","10":"tag-auvergne-rhone-alpes","11":"tag-eu","12":"tag-europe","13":"tag-fr","14":"tag-france","15":"tag-justice","16":"tag-lyon","17":"tag-news","18":"tag-place-des-terreaux","19":"tag-police","20":"tag-republique-francaise","21":"tag-societe"},"share_on_mastodon":{"url":"https:\/\/pubeurope.com\/@fr\/115529739434048144","error":""},"_links":{"self":[{"href":"https:\/\/www.europesays.com\/fr\/wp-json\/wp\/v2\/posts\/526594","targetHints":{"allow":["GET"]}}],"collection":[{"href":"https:\/\/www.europesays.com\/fr\/wp-json\/wp\/v2\/posts"}],"about":[{"href":"https:\/\/www.europesays.com\/fr\/wp-json\/wp\/v2\/types\/post"}],"author":[{"embeddable":true,"href":"https:\/\/www.europesays.com\/fr\/wp-json\/wp\/v2\/users\/2"}],"replies":[{"embeddable":true,"href":"https:\/\/www.europesays.com\/fr\/wp-json\/wp\/v2\/comments?post=526594"}],"version-history":[{"count":0,"href":"https:\/\/www.europesays.com\/fr\/wp-json\/wp\/v2\/posts\/526594\/revisions"}],"wp:featuredmedia":[{"embeddable":true,"href":"https:\/\/www.europesays.com\/fr\/wp-json\/wp\/v2\/media\/526595"}],"wp:attachment":[{"href":"https:\/\/www.europesays.com\/fr\/wp-json\/wp\/v2\/media?parent=526594"}],"wp:term":[{"taxonomy":"category","embeddable":true,"href":"https:\/\/www.europesays.com\/fr\/wp-json\/wp\/v2\/categories?post=526594"},{"taxonomy":"post_tag","embeddable":true,"href":"https:\/\/www.europesays.com\/fr\/wp-json\/wp\/v2\/tags?post=526594"}],"curies":[{"name":"wp","href":"https:\/\/api.w.org\/{rel}","templated":true}]}}