{"id":526598,"date":"2025-11-11T06:53:45","date_gmt":"2025-11-11T06:53:45","guid":{"rendered":"https:\/\/www.europesays.com\/fr\/526598\/"},"modified":"2025-11-11T06:53:45","modified_gmt":"2025-11-11T06:53:45","slug":"nuisances-sonores-bars-en-peril-attaque-au-couteau-linfo-a-midi-en-ile-de-france","status":"publish","type":"post","link":"https:\/\/www.europesays.com\/fr\/526598\/","title":{"rendered":"Nuisances sonores, bars en p\u00e9ril, attaque au couteau .. L\u2019info \u00e0 midi en \u00cele-de-France"},"content":{"rendered":"<p>            Par<br \/>\n        <strong><br \/>\n            <a href=\"https:\/\/actu.fr\/auteur\/journaliste-br\" title=\"Consulter tous les articles de R\u00e9daction Coulommiers\" target=\"_blank\" rel=\"noopener\">R\u00e9daction Coulommiers<\/a><br \/>\n        <\/strong><\/p>\n<p>        Publi\u00e9 le<\/p>\n<p>            10 nov. 2025 \u00e0 12h03<br \/>\n        ; mis \u00e0 jour le 10 nov. 2025 \u00e0 12h21    <\/p>\n<p>Que s\u2019est-il pass\u00e9 ce lundi 10 novembre 2025 en \u00cele-de-France ? Voici l\u2019essentiel de l\u2019actualit\u00e9 \u00e0 midi : \u00e0 Paris, du sang a coul\u00e9 sur le pav\u00e9 des beaux quartiers, en Seine-Saint-Denis, \u00a0les n\u00e9gociations pour prot\u00e9ger les habitations des nuisances sonores du CDG Expess ont rouvert, le Val d\u2019Oise accueille une \u0153uvre de Fernand L\u00e9ger, des bars et restos contraints de fermer \u00e0 minuit dans les Hauts-de-Seine, des renardeaux dans le fond du jardin\u00a0 ? De la p\u00e9dagogie \u00e0 Maison-Alfort.<\/p>\n<p>Les informations \u00e0 retenir ce lundi 10 novembre 2025, \u00e0 midi, en \u00cele-de-France<\/p>\n<p class=\" wall-content\"><b>Paris. <a href=\"https:\/\/actu.fr\/ile-de-france\/paris_75056\/attaque-au-couteau-dans-les-beaux-quartiers-de-paris-deux-victimes-blessees-une-personne-interpellee_63416804.html\" target=\"_blank\" rel=\"noopener\">Attaque au couteau dans les beaux quartiers : deux victimes bless\u00e9es, une personne interpell\u00e9e<\/a><\/b><br \/>Un homme de 31 ans a attaqu\u00e9 deux passants avec un couteau dans le 8e arrondissement de Paris. Il a \u00e9t\u00e9 ma\u00eetris\u00e9 par la police.<\/p>\n<p class=\" wall-content\"><b>Val d\u2019Oise. <a href=\"https:\/\/actu.fr\/ile-de-france\/cergy_95127\/une-oeuvre-de-fernand-leger-fait-escale-dans-cette-ville-du-val-doise_63416883.html\" target=\"_blank\" rel=\"noopener\">Une \u0153uvre de Fernand L\u00e9ger fait escale dans cette ville du Val-d\u2019Oise<\/a><\/b><br \/>Le tableau de Fernand L\u00e9ger Les deux femmes debout sera expos\u00e9 au sein de la m\u00e9diath\u00e8que de l\u2019Horloge. Une \u0153uvre majeure issue des collections du Centre Pompidou.<\/p>\n<p class=\" wall-content\"><b>Seine-Saint-Denis. <a href=\"https:\/\/actu.fr\/ile-de-france\/tremblay-en-france_93073\/cdg-express-la-sncf-consent-a-entreprendre-des-travaux-contre-les-nuisances-sonores-en-seine-saint-denis_63407613.html\" target=\"_blank\" rel=\"noopener\">CDG Express : la SNCF consent \u00e0 entreprendre des travaux contre les nuisances sonores<\/a><\/b><br \/>Le dialogue s\u2019est rouvert entre la SNCF et les communes de Seine-Saint-Denis pour prot\u00e9ger les habitants des nuisances sonores du futur CDG Express.<\/p>\n<p class=\" wall-content\"><b>Hauts-de-Seine.<a href=\"https:\/\/actu.fr\/ile-de-france\/levallois-perret_92044\/on-risque-de-fermer-si-ca-continue-a-levallois-la-fronde-des-gerants-de-bar-obliges-de-fermer-a-minuit_63413166.html\" target=\"_blank\" rel=\"noopener\"> \u00ab\u00a0On risque de fermer si \u00e7a continue\u00a0\u00bb : \u00e0 Levallois, la fronde des g\u00e9rants de bar oblig\u00e9s de fermer \u00e0 minuit<\/a><\/b><br \/>Depuis quelques jours, certains bars et restaurants de Levallois-Perret sont contraints de tirer le rideau pr\u00e9cocement. Une d\u00e9cision qui met en p\u00e9ril leur activit\u00e9, selon eux.<\/p>\n<p class=\" wall-content\"><b>Val-de-Marne. <a href=\"https:\/\/actu.fr\/ile-de-france\/maisons-alfort_94046\/excessivement-persecute-maisons-alfort-veut-mettre-fin-aux-idees-recues-sur-le-renard_63410235.html\" target=\"_blank\" rel=\"noopener\">\u00ab\u00a0Excessivement pers\u00e9cut\u00e9\u00a0\u00bb : Maisons-Alfort veut mettre fin aux id\u00e9es re\u00e7ues sur le renard<\/a><\/b><br \/>Alors que les habitants de Maisons-Alfort (Val-de-Marne) rencontrent de plus en plus souvent des renards, la Ville a tenu \u00e0 faire de la p\u00e9dagogie en ce d\u00e9but d\u2019automne.<\/p>\n<p>Vid\u00e9os : en ce moment sur Actu<\/p>\n<p class=\" wall-content\"><b>Suivez-nous pour en savoir plus\u2009!<\/b><br \/>Vous voulez plus d\u2019infos sur l\u2019\u00cele-de-France\u2009? Vous pouvez nous retrouver sur actu \u00cele-de-France. Pour nous suivre sur les r\u00e9seaux sociaux, dans vos d\u00e9partements\u2009:<\/p>\n<p class=\" wall-content\"><b>Paris<\/b>\u2009: retrouvez\u00a0actu\u00a0Paris\u00a0sur\u00a0<a href=\"https:\/\/www.facebook.com\/actufr.paris\/\" target=\"_blank\" rel=\"noopener\">Facebook<\/a>\u00a0et\u00a0<a href=\"https:\/\/twitter.com\/actufrparis\" target=\"_blank\" rel=\"noopener\">Twitter<\/a>\u2009;<br \/><b>Seine-et-Marne<\/b>\u2009: retrouvez\u00a0La R\u00e9publique de Seine-et-Marne\u00a0(sud) sur\u00a0<a href=\"https:\/\/www.facebook.com\/RepubliqueSeineMarne\/\" target=\"_blank\" rel=\"noopener\">Facebook<\/a>\u00a0et\u00a0<a href=\"https:\/\/twitter.com\/LaRep77\" target=\"_blank\" rel=\"noopener\">Twitter<\/a>\u2009;\u00a0La Marne\u00a0(nord) sur\u00a0<a href=\"https:\/\/www.facebook.com\/journallarmarne\/?__tn__=%2Cd%2CP-R&amp;eid=ARDLZc91LaHbXzDwChLLLQJVMBLx_ABJremTC2-RG0CYvg0f4f8CLvbV5G1Lli4g_6QoXDcKkU1_LX1W\" target=\"_blank\" rel=\"noopener\">Facebook<\/a>\u00a0et\u00a0<a href=\"https:\/\/twitter.com\/JournalLaMarne\" target=\"_blank\" rel=\"noopener\">Twitter<\/a>\u2009; et\u00a0Le Pays Briard\u00a0sur\u00a0<a href=\"https:\/\/www.facebook.com\/LePaysBriard\/?ref=bookmarks\" target=\"_blank\" rel=\"noopener\">Facebook<\/a>\u00a0et\u00a0<a href=\"https:\/\/twitter.com\/LePaysBriard\" target=\"_blank\" rel=\"noopener\">Twitter<\/a>\u2009;<br \/><b>Yvelines\u2009:<\/b>\u00a0retrouvez\u00a078actu\u00a0sur\u00a0<a href=\"https:\/\/www.facebook.com\/78actu\/\" target=\"_blank\" rel=\"noopener\">Facebook<\/a>\u00a0et\u00a0<a href=\"https:\/\/x.com\/78actu\">Twitter<\/a>\u2009;<br \/><b>Essonne\u2009:<\/b>\u00a0retrouvez\u00a0actu Essonne\u00a0sur\u00a0<a href=\"https:\/\/www.facebook.com\/actuessonne\/?ref=br_rs\" target=\"_blank\" rel=\"noopener\">Facebook<\/a>\u00a0et\u00a0<a href=\"https:\/\/twitter.com\/ActuEssonne\" target=\"_blank\" rel=\"noopener\">Twitter<\/a>\u2009;<br \/><b>Hauts-de-Seine\u2009:<\/b>\u00a0retrouvez\u00a0actu\u00a0Hauts-de-Seine\u00a0sur\u00a0<a href=\"https:\/\/www.facebook.com\/actufr.hautsdeseine\/\" target=\"_blank\" rel=\"noopener\">Facebook<\/a>\u00a0et\u00a0<a href=\"https:\/\/twitter.com\/actufr92\" target=\"_blank\" rel=\"noopener\">Twitter<\/a>\u2009;<br \/><b>Seine-Saint-Denis\u2009:<\/b>\u00a0retrouvez actu Seine-Saint-Denis sur\u00a0<a href=\"https:\/\/www.facebook.com\/actufr.seinesaintdenis\/\" target=\"_blank\" rel=\"noopener\">Facebook<\/a>\u00a0et\u00a0<a href=\"https:\/\/x.com\/Actufr93\">Twitter<\/a>\u2009;<br \/><b>Val-de-Marne\u2009:\u00a0<\/b>retrouvez actu Val-de-Marne sur\u00a0<a href=\"https:\/\/www.facebook.com\/actu94.valdemarne\/\" target=\"_blank\" rel=\"noopener\">Facebook<\/a>\u00a0et\u00a0<a href=\"https:\/\/x.com\/actufr94\">Twitter<\/a>\u2009;<br \/><b>Val-d\u2019Oise\u2009:<\/b>\u00a0retrouvez La Gazette du Val-d\u2019Oise sur\u00a0<a href=\"https:\/\/x.com\/actufr94\">Twitter<\/a><\/p>\n<p class=\" wall-content\">Personnalisez votre actualit\u00e9 en ajoutant vos villes et m\u00e9dias en favori avec <a href=\"https:\/\/moncompte.actu.fr\" title=\"D\u00e9couvez Mon Actu\" rel=\"nofollow noopener\" data-trk=\"{&quot;cta&quot;:{&quot;action&quot;:&quot;https:\\\/\\\/moncompte.actu.fr&quot;,&quot;category&quot;:&quot;mon compte&quot;,&quot;from&quot;:&quot;article footer&quot;,&quot;name&quot;:&quot;Mon actu&quot;,&quot;type&quot;:&quot;cta&quot;}}\" target=\"_blank\">Mon Actu<\/a>.<\/p>\n<p>                    <script async src=\"https:\/\/platform.twitter.com\/widgets.js\" charset=\"utf-8\"><\/script><\/p>\n","protected":false},"excerpt":{"rendered":"Par R\u00e9daction Coulommiers Publi\u00e9 le 10 nov. 2025 \u00e0 12h03 ; mis \u00e0 jour le 10 nov. 2025&hellip;\n","protected":false},"author":2,"featured_media":526599,"comment_status":"","ping_status":"","sticky":false,"template":"","format":"standard","meta":{"footnotes":""},"categories":[1592],"tags":[1111,11,1777,674,1011,27,662,12,626,25,1340,104,2803],"class_list":{"0":"post-526598","1":"post","2":"type-post","3":"status-publish","4":"format-standard","5":"has-post-thumbnail","7":"category-ile-de-france","8":"tag-actu","9":"tag-actualites","10":"tag-eu","11":"tag-europe","12":"tag-fr","13":"tag-france","14":"tag-ile-de-france","15":"tag-news","16":"tag-paris","17":"tag-republique-francaise","18":"tag-restaurant","19":"tag-societe","20":"tag-transport"},"share_on_mastodon":{"url":"https:\/\/pubeurope.com\/@fr\/115529751134023847","error":""},"_links":{"self":[{"href":"https:\/\/www.europesays.com\/fr\/wp-json\/wp\/v2\/posts\/526598","targetHints":{"allow":["GET"]}}],"collection":[{"href":"https:\/\/www.europesays.com\/fr\/wp-json\/wp\/v2\/posts"}],"about":[{"href":"https:\/\/www.europesays.com\/fr\/wp-json\/wp\/v2\/types\/post"}],"author":[{"embeddable":true,"href":"https:\/\/www.europesays.com\/fr\/wp-json\/wp\/v2\/users\/2"}],"replies":[{"embeddable":true,"href":"https:\/\/www.europesays.com\/fr\/wp-json\/wp\/v2\/comments?post=526598"}],"version-history":[{"count":0,"href":"https:\/\/www.europesays.com\/fr\/wp-json\/wp\/v2\/posts\/526598\/revisions"}],"wp:featuredmedia":[{"embeddable":true,"href":"https:\/\/www.europesays.com\/fr\/wp-json\/wp\/v2\/media\/526599"}],"wp:attachment":[{"href":"https:\/\/www.europesays.com\/fr\/wp-json\/wp\/v2\/media?parent=526598"}],"wp:term":[{"taxonomy":"category","embeddable":true,"href":"https:\/\/www.europesays.com\/fr\/wp-json\/wp\/v2\/categories?post=526598"},{"taxonomy":"post_tag","embeddable":true,"href":"https:\/\/www.europesays.com\/fr\/wp-json\/wp\/v2\/tags?post=526598"}],"curies":[{"name":"wp","href":"https:\/\/api.w.org\/{rel}","templated":true}]}}