{"id":526606,"date":"2025-11-11T06:57:13","date_gmt":"2025-11-11T06:57:13","guid":{"rendered":"https:\/\/www.europesays.com\/fr\/526606\/"},"modified":"2025-11-11T06:57:13","modified_gmt":"2025-11-11T06:57:13","slug":"a-paris-les-animateurs-periscolaires-en-greve-au-moins-jusquau-21-novembre","status":"publish","type":"post","link":"https:\/\/www.europesays.com\/fr\/526606\/","title":{"rendered":"A Paris, les animateurs p\u00e9riscolaires en gr\u00e8ve au moins jusqu\u2019au 21\u00a0novembre"},"content":{"rendered":"<p>A <a href=\"https:\/\/www.20minutes.fr\/paris\/\" target=\"_blank\" class=\"c-link c-link--is-underlined\" rel=\"noopener\">Paris<\/a>, la tension se transforme en mouvement social dans les \u00e9coles. Les personnels d\u2019animation des 620 <a href=\"https:\/\/www.20minutes.fr\/dossier\/ecole\" target=\"_blank\" class=\"c-link c-link--is-underlined\" rel=\"noopener\">\u00e9coles <\/a>de la capitale sont en effet appel\u00e9s \u00e0 la gr\u00e8ve jusqu\u2019au 21\u00a0novembre. Ils demandent \u00e0 la ville le recrutement de milliers de titulaires face \u00e0 la \u00ab\u00a0pr\u00e9carisation massive\u00a0\u00bb du secteur o\u00f9 \u00ab\u00a0les conditions d\u2019accueil des enfants se d\u00e9gradent\u00a0\u00bb.<\/p>\n<p>Quelque 200 \u00e9coles selon les syndicats, 119 selon la mairie, ont ainsi d\u00fb fermer leur cantine lundi. Plusieurs centaines d\u2019autres \u00e9tablissements ont par ailleurs fonctionn\u00e9 avec un taux d\u2019encadrement \u00ab\u00a0encore plus d\u00e9t\u00e9rior\u00e9 que d\u2019habitude\u00a0\u00bb sur le temps p\u00e9riscolaire, a indiqu\u00e9 Nicolas L\u00e9ger, cosecr\u00e9taire g\u00e9n\u00e9ral du Supap-FSU qui appelle \u00e0 la gr\u00e8ve aux c\u00f4t\u00e9s de la CFDT et de la CGT. La Ville de Paris a pr\u00e9cis\u00e9 avoir comptabilis\u00e9 537 gr\u00e9vistes.<\/p>\n<p>Bras de fer avec Anne Hidalgo<\/p>\n<p>\u00ab\u00a0C\u2019est la premi\u00e8re fois que les personnels de l\u2019animation, r\u00e9guli\u00e8rement en lutte depuis deux ans, sont appel\u00e9s \u00e0 une gr\u00e8ve aussi longue\u00a0\u00bb, a expliqu\u00e9 Nicolas L\u00e9ger, ajoutant que le pr\u00e9avis \u00ab\u00a0pourrait \u00eatre \u00e9tendu jusqu\u2019au 31\u00a0d\u00e9cembre et renouvelable en\u00a02026\u00a0\u00bb si la mairie dirig\u00e9e par <a href=\"https:\/\/www.20minutes.fr\/paris\/4179011-20251013-paris-conseil-etat-met-fin-procedure-portant-notes-frais-anne-hidalgo\" target=\"_blank\" class=\"c-link c-link--is-underlined\" rel=\"noopener\">Anne Hidalgo<\/a> \u00ab\u00a0ne bouge pas\u00a0\u00bb.<\/p>\n<\/p>\n<p>Au c\u0153ur des revendications\u00a0: des recrutements massifs de titulaires dans un secteur qui compte seulement 2.500 adjoints d\u2019animation et 1.000 animateurs contractuels, contre 8.500 vacataires au statut pr\u00e9caire. \u00ab\u00a0Des milliers de vacataires sont souvent embauch\u00e9s ill\u00e9galement sur des postes permanents\u00a0\u00bb, d\u00e9nonce l\u2019intersyndicale dans un communiqu\u00e9.<\/p>\n<p>Un plan de \u00ab\u00a0d\u00e9pr\u00e9carisation\u00a0\u00bb qui ne satisfait pas<\/p>\n<p>La Mairie de Paris met pour sa part en avant un protocole sign\u00e9 par l\u2019Unsa, mis en place en septembre, qui pr\u00e9voit une \u00ab\u00a0valorisation des m\u00e9tiers et de la fili\u00e8re de l\u2019animation\u00a0\u00bb, avec une revalorisation de la prime des \u00ab\u00a0responsables \u00e9ducatifs ville (REV)\u00a0\u00bb et des animateurs lecture.<\/p>\n<p><a href=\"https:\/\/www.20minutes.fr\/dossier\/mouvement_social\" target=\"_blank\" class=\"c-link c-btn c-btn--primary\" rel=\"noopener\">Notre dossier sur les Mouvements sociaux<\/a><\/p>\n<p>Mais ces mesures, tout comme le plan de \u00ab\u00a0d\u00e9pr\u00e9carisation\u00a0\u00bb engag\u00e9 il y a trois ans par la ville, restent loin du compte et la mairie \u00ab\u00a0peine de plus en plus \u00e0 recruter\u00a0\u00bb, sur fond de formations \u00ab\u00a0insuffisantes\u00a0\u00bb, r\u00e9pond le Supap-FSU. \u00ab\u00a0Tous les jours, des postes ne sont pas pourvus, les \u00e9quipes travaillent \u00e0 flux tendus, elles sont \u00e9puis\u00e9es et les conditions d\u2019accueil des enfants se d\u00e9gradent\u00a0\u00bb, d\u00e9plore Nicolas L\u00e9ger. Les syndicats pointent des difficult\u00e9s pour l\u2019inclusion des enfants \u00ab\u00a0\u00e0 besoin \u00e9ducatif particulier\u00a0\u00bb, notamment handicap\u00e9s, et r\u00e9clament du personnel d\u00e9di\u00e9 pour le change des enfants en maternelle.<\/p>\n<p>Cinq animateurs d\u2019\u00e9cole maternelle du 11e\u00a0arrondissement ont \u00e9t\u00e9 suspendus cette ann\u00e9e pour <a href=\"https:\/\/www.20minutes.fr\/faits_divers\/4179719-20251016-paris-trois-animateurs-periscolaires-suspendus-soupcons-exhibition-agressions-sexuelles\" target=\"_blank\" class=\"c-link c-link--is-underlined\" rel=\"noopener\">soup\u00e7ons de \u00ab\u00a0faits \u00e0 caract\u00e8re sexuel\u00a0\u00bb, dont une agression<\/a>. Sur les 30 suspensions d\u2019animateurs d\u00e9cid\u00e9es en\u00a02025 \u00e0 Paris, 16 l\u2019ont \u00e9t\u00e9 pour des \u00ab\u00a0suspicions de faits \u00e0 caract\u00e8re sexuel, un chiffre stable par rapport \u00e0\u00a02024 et\u00a02023\u00a0\u00bb, a pr\u00e9cis\u00e9 la mairie. \u00ab\u00a0Nous demandons que l\u2019ensemble des animateurs, y compris les vacataires, soient form\u00e9s \u00e0 la pr\u00e9vention des violences sexistes et sexuelles, et pas seulement les REV comme c\u2019est le cas aujourd\u2019hui\u00a0\u00bb, a comment\u00e9 le syndicaliste.<\/p>\n","protected":false},"excerpt":{"rendered":"A Paris, la tension se transforme en mouvement social dans les \u00e9coles. Les personnels d\u2019animation des 620 \u00e9coles&hellip;\n","protected":false},"author":2,"featured_media":526607,"comment_status":"","ping_status":"","sticky":false,"template":"","format":"standard","meta":{"footnotes":""},"categories":[1888],"tags":[47,11,2618,1122,1126,1777,674,1011,27,662,2381,12771,12,626,25,104,133],"class_list":{"0":"post-526606","1":"post","2":"type-post","3":"status-publish","4":"format-standard","5":"has-post-thumbnail","7":"category-paris","8":"tag-actualite","9":"tag-actualites","10":"tag-anne-hidalgo","11":"tag-ecole","12":"tag-education-nationale","13":"tag-eu","14":"tag-europe","15":"tag-fr","16":"tag-france","17":"tag-ile-de-france","18":"tag-mairie-de-paris","19":"tag-mouvements-sociaux","20":"tag-news","21":"tag-paris","22":"tag-republique-francaise","23":"tag-societe","24":"tag-video"},"share_on_mastodon":{"url":"https:\/\/pubeurope.com\/@fr\/115529766914246131","error":""},"_links":{"self":[{"href":"https:\/\/www.europesays.com\/fr\/wp-json\/wp\/v2\/posts\/526606","targetHints":{"allow":["GET"]}}],"collection":[{"href":"https:\/\/www.europesays.com\/fr\/wp-json\/wp\/v2\/posts"}],"about":[{"href":"https:\/\/www.europesays.com\/fr\/wp-json\/wp\/v2\/types\/post"}],"author":[{"embeddable":true,"href":"https:\/\/www.europesays.com\/fr\/wp-json\/wp\/v2\/users\/2"}],"replies":[{"embeddable":true,"href":"https:\/\/www.europesays.com\/fr\/wp-json\/wp\/v2\/comments?post=526606"}],"version-history":[{"count":0,"href":"https:\/\/www.europesays.com\/fr\/wp-json\/wp\/v2\/posts\/526606\/revisions"}],"wp:featuredmedia":[{"embeddable":true,"href":"https:\/\/www.europesays.com\/fr\/wp-json\/wp\/v2\/media\/526607"}],"wp:attachment":[{"href":"https:\/\/www.europesays.com\/fr\/wp-json\/wp\/v2\/media?parent=526606"}],"wp:term":[{"taxonomy":"category","embeddable":true,"href":"https:\/\/www.europesays.com\/fr\/wp-json\/wp\/v2\/categories?post=526606"},{"taxonomy":"post_tag","embeddable":true,"href":"https:\/\/www.europesays.com\/fr\/wp-json\/wp\/v2\/tags?post=526606"}],"curies":[{"name":"wp","href":"https:\/\/api.w.org\/{rel}","templated":true}]}}