{"id":526608,"date":"2025-11-11T06:58:14","date_gmt":"2025-11-11T06:58:14","guid":{"rendered":"https:\/\/www.europesays.com\/fr\/526608\/"},"modified":"2025-11-11T06:58:14","modified_gmt":"2025-11-11T06:58:14","slug":"la-ville-de-kramatorsk-dans-lest-visee-par-une-attaque-massive-de-drones","status":"publish","type":"post","link":"https:\/\/www.europesays.com\/fr\/526608\/","title":{"rendered":"la ville de Kramatorsk, dans l\u2019Est, vis\u00e9e par une \u00ab\u00a0attaque massive\u00a0\u00bb de drones"},"content":{"rendered":"<p>   Le HCR alerte sur le sort des d\u00e9plac\u00e9s ukrainiens alors que l\u2019hiver approche             <\/p>\n<p class=\"post__live-container--answer-text post__space-node\">L\u2019ONU a alert\u00e9, mardi, sur son manque de moyens, d\u00fb notamment \u00e0 la baisse drastique du financement am\u00e9ricain, pour prot\u00e9ger des millions de r\u00e9fugi\u00e9s et d\u00e9plac\u00e9s cet hiver. Elle a lanc\u00e9 un appel aux dons pour collecter au moins 35\u00a0millions de dollars.<\/p>\n<p class=\"post__live-container--answer-text post__space-node\">Le Haut-Commissariat des Nations unies pour les r\u00e9fugi\u00e9s (HCR) attire particuli\u00e8rement l\u2019attention sur le sort des Ukrainiens, des Syriens et des Afghans. Dans ces trois pays, \u00ab\u00a0les familles devront endurer des temp\u00e9ratures glaciales sans les \u00e9l\u00e9ments que beaucoup d\u2019entre nous tiennent pour acquis\u00a0: un toit d\u00e9cent, une bonne isolation, le chauffage, des couvertures, des v\u00eatements chauds ou des m\u00e9dicaments\u00a0\u00bb, a rappel\u00e9 Dominique Hyde, cheffe des relations ext\u00e9rieures du HCR, dans un communiqu\u00e9.<\/p>\n<p class=\"post__live-container--answer-text post__space-node\">\u00ab\u00a0Les budgets humanitaires sont au bord de la rupture et l\u2019aide hivernale que nous apportons sera bien moindre cette ann\u00e9e\u00a0\u00bb, a averti Mme\u00a0Hyde. Le HCR juge crucial l\u2019aide de donateurs priv\u00e9s afin d\u2019\u00ab\u00a0aider \u00e0 r\u00e9parer les maisons bombard\u00e9es, isoler les habitations, fournir chaleur et couvertures aux enfants et aux personnes \u00e2g\u00e9es, et financer l\u2019achat de m\u00e9dicaments et de repas chauds\u00a0\u00bb, a-t-elle d\u00e9taill\u00e9.<\/p>\n<p class=\"post__live-container--answer-text post__space-node\">Sous la pr\u00e9sidence de Donald Trump, les Etats-Unis, traditionnellement premier donateur mondial, ont drastiquement r\u00e9duit leur aide \u00e9trang\u00e8re. Auparavant, Washington finan\u00e7ait plus de 40\u00a0% du budget du HCR, et d\u2019autres grands pays donateurs ont r\u00e9duit leurs contributions, ce qui gr\u00e8ve consid\u00e9rablement les finances de l\u2019agence.<\/p>\n<p class=\"post__live-container--answer-text post__space-node\">En Ukraine, les temp\u00e9ratures pourraient chuter jusqu\u2019\u00e0 \u2212\u00a020\u00a0\u00b0C, la population s\u2019appr\u00eatant \u00e0 vivre un quatri\u00e8me hiver dans un contexte de guerre \u00e0 grande \u00e9chelle depuis l\u2019invasion russe, en 2022. \u00ab\u00a0Les besoins humanitaires continuent de cro\u00eetre, l\u2019intensification des attaques faisant des victimes civiles et d\u00e9truisant les infrastructures, ce qui aggrave les coupures de gaz, d\u2019\u00e9lectricit\u00e9 et d\u2019eau\u00a0\u00bb, insiste le HCR.<\/p>\n","protected":false},"excerpt":{"rendered":"Le HCR alerte sur le sort des d\u00e9plac\u00e9s ukrainiens alors que l\u2019hiver approche L\u2019ONU a alert\u00e9, mardi, sur&hellip;\n","protected":false},"author":2,"featured_media":526609,"comment_status":"","ping_status":"","sticky":false,"template":"","format":"standard","meta":{"footnotes":""},"categories":[1591],"tags":[11,1887,12,1885,1886,132],"class_list":{"0":"post-526608","1":"post","2":"type-post","3":"status-publish","4":"format-standard","5":"has-post-thumbnail","7":"category-russie","8":"tag-actualites","9":"tag-federation-de-russie","10":"tag-news","11":"tag-russia","12":"tag-russian-federation","13":"tag-russie"},"share_on_mastodon":{"url":"https:\/\/pubeurope.com\/@fr\/115529770875257826","error":""},"_links":{"self":[{"href":"https:\/\/www.europesays.com\/fr\/wp-json\/wp\/v2\/posts\/526608","targetHints":{"allow":["GET"]}}],"collection":[{"href":"https:\/\/www.europesays.com\/fr\/wp-json\/wp\/v2\/posts"}],"about":[{"href":"https:\/\/www.europesays.com\/fr\/wp-json\/wp\/v2\/types\/post"}],"author":[{"embeddable":true,"href":"https:\/\/www.europesays.com\/fr\/wp-json\/wp\/v2\/users\/2"}],"replies":[{"embeddable":true,"href":"https:\/\/www.europesays.com\/fr\/wp-json\/wp\/v2\/comments?post=526608"}],"version-history":[{"count":0,"href":"https:\/\/www.europesays.com\/fr\/wp-json\/wp\/v2\/posts\/526608\/revisions"}],"wp:featuredmedia":[{"embeddable":true,"href":"https:\/\/www.europesays.com\/fr\/wp-json\/wp\/v2\/media\/526609"}],"wp:attachment":[{"href":"https:\/\/www.europesays.com\/fr\/wp-json\/wp\/v2\/media?parent=526608"}],"wp:term":[{"taxonomy":"category","embeddable":true,"href":"https:\/\/www.europesays.com\/fr\/wp-json\/wp\/v2\/categories?post=526608"},{"taxonomy":"post_tag","embeddable":true,"href":"https:\/\/www.europesays.com\/fr\/wp-json\/wp\/v2\/tags?post=526608"}],"curies":[{"name":"wp","href":"https:\/\/api.w.org\/{rel}","templated":true}]}}