{"id":52661,"date":"2025-04-25T20:55:08","date_gmt":"2025-04-25T20:55:08","guid":{"rendered":"https:\/\/www.europesays.com\/fr\/52661\/"},"modified":"2025-04-25T20:55:08","modified_gmt":"2025-04-25T20:55:08","slug":"le-sporting-stoppe-par-grenoble","status":"publish","type":"post","link":"https:\/\/www.europesays.com\/fr\/52661\/","title":{"rendered":"le Sporting stopp\u00e9 par Grenoble"},"content":{"rendered":"<p>Les joueurs de Beno\u00eet Tavenot sont tomb\u00e9s sur un os face \u00e0 Grenoble ! Une d\u00e9faite 3-2 qui sonne le glas des espoirs de cinqui\u00e8me place et une d\u00e9faite qui signe la fin de l&rsquo;invincibilit\u00e9 des Bastiais \u00e0 Furiani cette saison.<\/p>\n<p>Vincent et ses partenaires avaient pourtant pris ce match par le bon bout, essayant de mettre du rythme. Mais les Is\u00e9rois faisaient le dos rond et patientaient. Jusqu&rsquo;au but de Valls \u00e0 la demi-heure de jeu ! Vincent remettait les deux \u00e9quipes \u00e0 \u00e9galit\u00e9. Mais en seconde p\u00e9riode les Grenoblois reprenaient les devant. Et alors que le public pensait que le but \u00e9galisateur de Ciss\u00e9 concluait les d\u00e9bats, c&rsquo;est Sylvestre, sur une action rocambolesque, qui donnait la victoire au GF 38. Cruelle d\u00e9sillusion.<\/p>\n","protected":false},"excerpt":{"rendered":"Les joueurs de Beno\u00eet Tavenot sont tomb\u00e9s sur un os face \u00e0 Grenoble ! Une d\u00e9faite 3-2 qui&hellip;\n","protected":false},"author":2,"featured_media":52662,"comment_status":"","ping_status":"","sticky":false,"template":"","format":"standard","meta":{"footnotes":""},"categories":[9566],"tags":[17,1111,11,2430,1777,674,63,1011,27,2731,12,5912,25,8360,60,7723],"class_list":{"0":"post-52661","1":"post","2":"type-post","3":"status-publish","4":"format-standard","5":"has-post-thumbnail","7":"category-grenoble","8":"tag-17","9":"tag-actu","10":"tag-actualites","11":"tag-auvergne-rhone-alpes","12":"tag-eu","13":"tag-europe","14":"tag-football","15":"tag-fr","16":"tag-france","17":"tag-grenoble","18":"tag-news","19":"tag-par","20":"tag-republique-francaise","21":"tag-sporting","22":"tag-sports","23":"tag-stoppe"},"share_on_mastodon":{"url":"https:\/\/pubeurope.com\/@fr\/114400599929464992","error":""},"_links":{"self":[{"href":"https:\/\/www.europesays.com\/fr\/wp-json\/wp\/v2\/posts\/52661","targetHints":{"allow":["GET"]}}],"collection":[{"href":"https:\/\/www.europesays.com\/fr\/wp-json\/wp\/v2\/posts"}],"about":[{"href":"https:\/\/www.europesays.com\/fr\/wp-json\/wp\/v2\/types\/post"}],"author":[{"embeddable":true,"href":"https:\/\/www.europesays.com\/fr\/wp-json\/wp\/v2\/users\/2"}],"replies":[{"embeddable":true,"href":"https:\/\/www.europesays.com\/fr\/wp-json\/wp\/v2\/comments?post=52661"}],"version-history":[{"count":0,"href":"https:\/\/www.europesays.com\/fr\/wp-json\/wp\/v2\/posts\/52661\/revisions"}],"wp:featuredmedia":[{"embeddable":true,"href":"https:\/\/www.europesays.com\/fr\/wp-json\/wp\/v2\/media\/52662"}],"wp:attachment":[{"href":"https:\/\/www.europesays.com\/fr\/wp-json\/wp\/v2\/media?parent=52661"}],"wp:term":[{"taxonomy":"category","embeddable":true,"href":"https:\/\/www.europesays.com\/fr\/wp-json\/wp\/v2\/categories?post=52661"},{"taxonomy":"post_tag","embeddable":true,"href":"https:\/\/www.europesays.com\/fr\/wp-json\/wp\/v2\/tags?post=52661"}],"curies":[{"name":"wp","href":"https:\/\/api.w.org\/{rel}","templated":true}]}}