{"id":526610,"date":"2025-11-11T06:59:14","date_gmt":"2025-11-11T06:59:14","guid":{"rendered":"https:\/\/www.europesays.com\/fr\/526610\/"},"modified":"2025-11-11T06:59:14","modified_gmt":"2025-11-11T06:59:14","slug":"guerre-en-ukraine-un-mort-dans-une-attaque-de-drones-russes-de-30-minutes","status":"publish","type":"post","link":"https:\/\/www.europesays.com\/fr\/526610\/","title":{"rendered":"Guerre en Ukraine. Un mort dans une attaque de drones russes \u00ab de 30 minutes \u00bb"},"content":{"rendered":"<p>Une attaque de drones russes a tu\u00e9 une personne et provoqu\u00e9 des incendies lundi soir \u00e0 Kramatorsk, dans l&rsquo;est de l&rsquo;Ukraine, a annonc\u00e9 son conseil municipal. \u00ab Kramatorsk a \u00e9t\u00e9 victime d&rsquo;une attaque massive. Sept drones ont frapp\u00e9 la ville en l&rsquo;espace de 30 minutes \u00bb peu apr\u00e8s 20h, a \u00e9crit le conseil sur le r\u00e9seau social Telegram.<\/p>\n<p>\u00ab Selon de premi\u00e8res informations, une personne a \u00e9t\u00e9 tu\u00e9e par le bombardement, un homme n\u00e9 en 1961 \u00bb, a ajout\u00e9 la m\u00eame source, faisant \u00e9tat de d\u00e9g\u00e2ts sur une \u00ab institution \u00e9ducative \u00bb et des logements.<\/p>\n<p>Le 23 octobre, deux journalistes ukrainiens de la cha\u00eene Freedom TV, Aliona Gramova et Evguen Karmazine, avaient \u00e9t\u00e9 tu\u00e9s par un drone russe dans une station-service de Kramatorsk, alors qu&rsquo;ils se trouvaient \u00e0 l&rsquo;int\u00e9rieur d&rsquo;une voiture, selon leur m\u00e9dia.<\/p>\n<p>Trois bless\u00e9s \u00e0 Kharkiv\u00a0<\/p>\n<p>Dans la r\u00e9gion de Kharkiv (nord-est), un drone d&rsquo;attaque russe a par ailleurs touch\u00e9 lundi soir un v\u00e9hicule et bless\u00e9 ses trois occupants dont un adolescent de 16 ans, selon le parquet de la r\u00e9gion de Kharkiv. La Russie, dont les forces sont mieux \u00e9quip\u00e9es et plus nombreuses, continue d&rsquo;avancer dans l&rsquo;est de l&rsquo;Ukraine et notamment dans la r\u00e9gion de Donetsk o\u00f9 se concentre l&rsquo;essentiel des combats. Lundi, <a href=\"https:\/\/www.ledauphine.com\/defense-guerre-conflit\/2025\/11\/10\/une-victoire-de-l-ukraine-est-illusoire-tance-moscou-apres-la-prise-de-trois-villages\" target=\"_blank\" rel=\"noopener\">Moscou y a revendiqu\u00e9 la prise de trois nouveaux villages<\/a>.<\/p>\n<p>En parall\u00e8le, la Russie multiplie depuis des semaines <a href=\"https:\/\/www.ledauphine.com\/defense-guerre-conflit\/2025\/11\/08\/coupures-de-courants-apres-une-nouvelle-attaque-russe-sur-les-infrastructures-energetiques\" target=\"_blank\" rel=\"noopener\">les bombardements sur les infrastructures \u00e9nerg\u00e9tiques<\/a> et le r\u00e9seau ferroviaire ukrainiens, sur fond de baisse des temp\u00e9ratures \u00e0 l&rsquo;approche de l&rsquo;hiver. Kiev vise de son c\u00f4t\u00e9 r\u00e9guli\u00e8rement des d\u00e9p\u00f4ts et raffineries de p\u00e9trole et d&rsquo;autres installations en Russie. Le ministre russe de la D\u00e9fense a indiqu\u00e9 mardi matin que 37 drones d&rsquo;attaque ukrainiens avaient \u00e9t\u00e9 intercept\u00e9s au cours de la nuit, sans faire mention de d\u00e9g\u00e2ts.<\/p>\n","protected":false},"excerpt":{"rendered":"Une attaque de drones russes a tu\u00e9 une personne et provoqu\u00e9 des incendies lundi soir \u00e0 Kramatorsk, dans&hellip;\n","protected":false},"author":2,"featured_media":526611,"comment_status":"","ping_status":"","sticky":false,"template":"","format":"standard","meta":{"footnotes":""},"categories":[1590],"tags":[11,3206,1777,674,107,329,12,220],"class_list":{"0":"post-526610","1":"post","2":"type-post","3":"status-publish","4":"format-standard","5":"has-post-thumbnail","7":"category-ukraine","8":"tag-actualites","9":"tag-defense-guerre-conflit","10":"tag-eu","11":"tag-europe","12":"tag-fil-info","13":"tag-france-monde","14":"tag-news","15":"tag-ukraine"},"share_on_mastodon":{"url":"https:\/\/pubeurope.com\/@fr\/115529774805269266","error":""},"_links":{"self":[{"href":"https:\/\/www.europesays.com\/fr\/wp-json\/wp\/v2\/posts\/526610","targetHints":{"allow":["GET"]}}],"collection":[{"href":"https:\/\/www.europesays.com\/fr\/wp-json\/wp\/v2\/posts"}],"about":[{"href":"https:\/\/www.europesays.com\/fr\/wp-json\/wp\/v2\/types\/post"}],"author":[{"embeddable":true,"href":"https:\/\/www.europesays.com\/fr\/wp-json\/wp\/v2\/users\/2"}],"replies":[{"embeddable":true,"href":"https:\/\/www.europesays.com\/fr\/wp-json\/wp\/v2\/comments?post=526610"}],"version-history":[{"count":0,"href":"https:\/\/www.europesays.com\/fr\/wp-json\/wp\/v2\/posts\/526610\/revisions"}],"wp:featuredmedia":[{"embeddable":true,"href":"https:\/\/www.europesays.com\/fr\/wp-json\/wp\/v2\/media\/526611"}],"wp:attachment":[{"href":"https:\/\/www.europesays.com\/fr\/wp-json\/wp\/v2\/media?parent=526610"}],"wp:term":[{"taxonomy":"category","embeddable":true,"href":"https:\/\/www.europesays.com\/fr\/wp-json\/wp\/v2\/categories?post=526610"},{"taxonomy":"post_tag","embeddable":true,"href":"https:\/\/www.europesays.com\/fr\/wp-json\/wp\/v2\/tags?post=526610"}],"curies":[{"name":"wp","href":"https:\/\/api.w.org\/{rel}","templated":true}]}}