{"id":526614,"date":"2025-11-11T07:01:25","date_gmt":"2025-11-11T07:01:25","guid":{"rendered":"https:\/\/www.europesays.com\/fr\/526614\/"},"modified":"2025-11-11T07:01:25","modified_gmt":"2025-11-11T07:01:25","slug":"demission-de-son-patron-polemiques-pourquoi-la-venerable-bbc-est-dans-la-tourmente","status":"publish","type":"post","link":"https:\/\/www.europesays.com\/fr\/526614\/","title":{"rendered":"D\u00e9mission de son patron, pol\u00e9miques\u2026 Pourquoi la v\u00e9n\u00e9rable BBC est dans la tourmente"},"content":{"rendered":"<p class=\"paragraph text_align_left lp-f-body-02\">\u00ab Tout le monde devrait regarder GB News ! \u00bb<b> <\/b>Le sourire en coin, dans le d\u00e9cor bleu \u00e9lectrique de la cha\u00eene, le pr\u00e9sentateur savoure l\u2019instant. Quelques minutes plus t\u00f4t, le directeur g\u00e9n\u00e9ral de la BBC, <a href=\"https:\/\/www.leparisien.fr\/international\/royaume-uni\/un-triste-jour-pour-la-bbc-le-directeur-de-la-chaine-va-demissionner-apres-le-montage-conteste-dun-discours-de-donald-trump-09-11-2025-EBZCNED3WZHW7BQRT5OH5TW6NQ.php\" target=\"_self\" rel=\"nofollow noopener\">Tim Davie<\/a>, annon\u00e7ait sa d\u00e9mission, tandis que la porte-parole de Donald Trump, <a href=\"https:\/\/www.leparisien.fr\/international\/royaume-uni\/montage-truque-dun-discours-de-trump-cinq-minutes-pour-comprendre-laffaire-qui-secoue-la-bbc-10-11-2025-NFGZ6FPV55E6READIWW7BPJUUY.php\" target=\"_self\" rel=\"nofollow noopener\">Karoline Leavitt<\/a>, exultait sur X : \u00ab Tout le monde devrait regarder GB News ! \u00bb<\/p>\n<p class=\"paragraph text_align_left lp-f-body-02\">La cha\u00eene d\u2019information britannique \u00e0 la ligne \u00e9ditoriale tr\u00e8s marqu\u00e9e \u00e0 droite, souvent compar\u00e9e \u00e0 Fox News, s\u2019est impos\u00e9e en quelques ann\u00e9es comme la voix anti-syst\u00e8me du Royaume-Uni, en d\u00e9non\u00e7ant \u00ab l\u2019\u00e9lite m\u00e9diatique londonienne \u00bb. Alors voir aujourd\u2019hui la v\u00e9n\u00e9rable BBC vaciller sous les coups du camp Trump, c\u2019est pour elle une revanche r\u00eav\u00e9e, qui cette fois-ci d\u00e9passe le simple duel m\u00e9diatique.<\/p>\n","protected":false},"excerpt":{"rendered":"\u00ab Tout le monde devrait regarder GB News ! \u00bb Le sourire en coin, dans le d\u00e9cor bleu&hellip;\n","protected":false},"author":2,"featured_media":526615,"comment_status":"","ping_status":"","sticky":false,"template":"","format":"standard","meta":{"footnotes":""},"categories":[1588],"tags":[11,1777,674,14,12,473,1853,1851,1850,1852],"class_list":{"0":"post-526614","1":"post","2":"type-post","3":"status-publish","4":"format-standard","5":"has-post-thumbnail","7":"category-royaume-uni","8":"tag-actualites","9":"tag-eu","10":"tag-europe","11":"tag-international","12":"tag-news","13":"tag-royaume-uni","14":"tag-royaume-uni-de-grande-bretagne-et-dirlande-du-nord","15":"tag-uk","16":"tag-united-kingdom","17":"tag-united-kingdom-of-great-britain-and-northern-ireland"},"share_on_mastodon":{"url":"https:\/\/pubeurope.com\/@fr\/115529782640011465","error":""},"_links":{"self":[{"href":"https:\/\/www.europesays.com\/fr\/wp-json\/wp\/v2\/posts\/526614","targetHints":{"allow":["GET"]}}],"collection":[{"href":"https:\/\/www.europesays.com\/fr\/wp-json\/wp\/v2\/posts"}],"about":[{"href":"https:\/\/www.europesays.com\/fr\/wp-json\/wp\/v2\/types\/post"}],"author":[{"embeddable":true,"href":"https:\/\/www.europesays.com\/fr\/wp-json\/wp\/v2\/users\/2"}],"replies":[{"embeddable":true,"href":"https:\/\/www.europesays.com\/fr\/wp-json\/wp\/v2\/comments?post=526614"}],"version-history":[{"count":0,"href":"https:\/\/www.europesays.com\/fr\/wp-json\/wp\/v2\/posts\/526614\/revisions"}],"wp:featuredmedia":[{"embeddable":true,"href":"https:\/\/www.europesays.com\/fr\/wp-json\/wp\/v2\/media\/526615"}],"wp:attachment":[{"href":"https:\/\/www.europesays.com\/fr\/wp-json\/wp\/v2\/media?parent=526614"}],"wp:term":[{"taxonomy":"category","embeddable":true,"href":"https:\/\/www.europesays.com\/fr\/wp-json\/wp\/v2\/categories?post=526614"},{"taxonomy":"post_tag","embeddable":true,"href":"https:\/\/www.europesays.com\/fr\/wp-json\/wp\/v2\/tags?post=526614"}],"curies":[{"name":"wp","href":"https:\/\/api.w.org\/{rel}","templated":true}]}}