{"id":526618,"date":"2025-11-11T07:03:23","date_gmt":"2025-11-11T07:03:23","guid":{"rendered":"https:\/\/www.europesays.com\/fr\/526618\/"},"modified":"2025-11-11T07:03:23","modified_gmt":"2025-11-11T07:03:23","slug":"les-valeurs-a-suivre-a-paris-et-en-europe-actualise-11-11-2025-a-0747","status":"publish","type":"post","link":"https:\/\/www.europesays.com\/fr\/526618\/","title":{"rendered":"Les valeurs \u00e0 suivre \u00e0 Paris et en Europe (actualis\u00e9) &#8211; 11\/11\/2025 \u00e0 07:47"},"content":{"rendered":"<p>\n (Actualis\u00e9 avec Munich Re, Fraport, K+S, Nexi)\n<\/p>\n<p>\n *\n<\/p>\n<p>\n Variation des futures sur indice CAC 40  0#FCE:\n<\/p>\n<p>\n *\n<\/p>\n<p>\n Variation des futures sur indice Stoxx 600  0#FXXP:\n<\/p>\n<p>\n *\n<\/p>\n<p>\n Valeurs qui se traitent ex-dividende  .EX.PA\n<\/p>\n<p>\n *\n<\/p>\n<p>\n Le point sur les march\u00e9s europ\u00e9ens  .EUFR\n<\/p>\n<p>\n Les valeurs \u00e0 suivre<br \/>\nmardi \u00e0 la Bourse de Paris et en Europe :\n<\/p>\n<p>\n * VODAFONE<br \/>\n <a href=\"https:\/\/www.boursorama.com\/cours\/1uVOD.L\/\" target=\"_blank\" rel=\"noopener\"><br \/>\n  VOD.L<br \/>\n <\/a><br \/>\n doit publier mardi ses r\u00e9sultats<br \/>\nsemestriels avant l&rsquo;ouverture des Bourses.\n<\/p>\n<p>\n * MUNICH RE<br \/>\n <a href=\"https:\/\/www.boursorama.com\/cours\/1zMUV2\/\" target=\"_blank\" rel=\"noopener\"><br \/>\n  MUVGn.DE<br \/>\n <\/a><br \/>\n &#8211; Le r\u00e9assureur allemand a publi\u00e9<br \/>\nmardi une progression de son b\u00e9n\u00e9fice net sup\u00e9rieure aux<br \/>\npr\u00e9visions au troisi\u00e8me trimestre, gr\u00e2ce \u00e0 un nombre de<br \/>\nsinistres majeurs inf\u00e9rieur \u00e0 la moyenne, et a maintenu son<br \/>\nobjectif principal de b\u00e9n\u00e9fice pour 2025.\n<\/p>\n<p>\n * FRAPORT<br \/>\n <a href=\"https:\/\/www.boursorama.com\/cours\/1zFRA\/\" target=\"_blank\" rel=\"noopener\"><br \/>\n  FRAG.DE<br \/>\n <\/a><br \/>\n &#8211; L&rsquo;op\u00e9rateur de l&rsquo;a\u00e9roport de Francfort<br \/>\na annonc\u00e9 mardi une hausse de 22,6% de son b\u00e9n\u00e9fice net au<br \/>\ntroisi\u00e8me trimestre, d\u00e9passant les attentes du march\u00e9, gr\u00e2ce \u00e0<br \/>\nune r\u00e9duction d&rsquo;environ 50 millions d&rsquo;euros des co\u00fbts de<br \/>\npersonnel due \u00e0 un remboursement exceptionnel du r\u00e9gime de<br \/>\nretraite.\n<\/p>\n<p>\n * K+S<br \/>\n <a href=\"https:\/\/www.boursorama.com\/cours\/1zSDF\/\" target=\"_blank\" rel=\"noopener\"><br \/>\n  SDFGn.DE<br \/>\n <\/a><br \/>\n &#8211; Le producteur allemand de potasse et de<br \/>\nsel a fait \u00e9tat mardi d&rsquo;un b\u00e9n\u00e9fice net sup\u00e9rieur aux pr\u00e9visions<br \/>\npour le troisi\u00e8me trimestre, gr\u00e2ce \u00e0 la hausse des prix moyens<br \/>\ndans son segment agricole.\n<\/p>\n<p>\n * NEXI<br \/>\n <a href=\"https:\/\/www.boursorama.com\/cours\/1gNEXI\/\" target=\"_blank\" rel=\"noopener\"><br \/>\n  NEXII.MI<br \/>\n <\/a><br \/>\n &#8211; L&rsquo;\u00e9tablissement public italien Cassa<br \/>\nDepositi e Prestiti (CDP) s&rsquo;oppose \u00e0 la vente par le groupe de<br \/>\npaiement d&rsquo;une participation majoritaire dans son activit\u00e9 de<br \/>\nsolutions bancaires num\u00e9riques au fonds de<br \/>\ncapital-investissement am\u00e9ricain TPG, ont d\u00e9clar\u00e9 lundi \u00e0<br \/>\nReuters deux sources proches du dossier.\n<\/p>\n<p>\n CDP est le deuxi\u00e8me actionnaire de Nexi avec une<br \/>\nparticipation de 19,14%\n<\/p>\n<p>\n L&rsquo;AGENDA FRANCE &amp; INTERNATIONAL \u00c0 7 JOURS:<br \/>\n nL8N3WJ25B\n<\/p>\n<p>\n (R\u00e9dig\u00e9 par Diana Mandia, \u00e9dit\u00e9 par Augustin Turpin)<\/p>\n","protected":false},"excerpt":{"rendered":"(Actualis\u00e9 avec Munich Re, Fraport, K+S, Nexi) * Variation des futures sur indice CAC 40 0#FCE: * Variation&hellip;\n","protected":false},"author":2,"featured_media":64038,"comment_status":"","ping_status":"","sticky":false,"template":"","format":"standard","meta":{"footnotes":""},"categories":[1586],"tags":[400,11,398,408,405,1777,674,1011,27,403,402,399,404,12,25,401,406,407],"class_list":{"0":"post-526618","1":"post","2":"type-post","3":"status-publish","4":"format-standard","5":"has-post-thumbnail","7":"category-europe","8":"tag-action-cac-40","9":"tag-actualites","10":"tag-bourse-de-paris","11":"tag-boursorama","12":"tag-cotations","13":"tag-eu","14":"tag-europe","15":"tag-fr","16":"tag-france","17":"tag-indices-devises","18":"tag-investir","19":"tag-investissement","20":"tag-marche-boursier","21":"tag-news","22":"tag-republique-francaise","23":"tag-sicav","24":"tag-trackers","25":"tag-warrants"},"share_on_mastodon":{"url":"https:\/\/pubeurope.com\/@fr\/115529790594057885","error":""},"_links":{"self":[{"href":"https:\/\/www.europesays.com\/fr\/wp-json\/wp\/v2\/posts\/526618","targetHints":{"allow":["GET"]}}],"collection":[{"href":"https:\/\/www.europesays.com\/fr\/wp-json\/wp\/v2\/posts"}],"about":[{"href":"https:\/\/www.europesays.com\/fr\/wp-json\/wp\/v2\/types\/post"}],"author":[{"embeddable":true,"href":"https:\/\/www.europesays.com\/fr\/wp-json\/wp\/v2\/users\/2"}],"replies":[{"embeddable":true,"href":"https:\/\/www.europesays.com\/fr\/wp-json\/wp\/v2\/comments?post=526618"}],"version-history":[{"count":0,"href":"https:\/\/www.europesays.com\/fr\/wp-json\/wp\/v2\/posts\/526618\/revisions"}],"wp:featuredmedia":[{"embeddable":true,"href":"https:\/\/www.europesays.com\/fr\/wp-json\/wp\/v2\/media\/64038"}],"wp:attachment":[{"href":"https:\/\/www.europesays.com\/fr\/wp-json\/wp\/v2\/media?parent=526618"}],"wp:term":[{"taxonomy":"category","embeddable":true,"href":"https:\/\/www.europesays.com\/fr\/wp-json\/wp\/v2\/categories?post=526618"},{"taxonomy":"post_tag","embeddable":true,"href":"https:\/\/www.europesays.com\/fr\/wp-json\/wp\/v2\/tags?post=526618"}],"curies":[{"name":"wp","href":"https:\/\/api.w.org\/{rel}","templated":true}]}}