{"id":526621,"date":"2025-11-11T07:05:13","date_gmt":"2025-11-11T07:05:13","guid":{"rendered":"https:\/\/www.europesays.com\/fr\/526621\/"},"modified":"2025-11-11T07:05:13","modified_gmt":"2025-11-11T07:05:13","slug":"choc-frontal-effroi-un-tres-violent-accident-de-la-route-fait-cinq-morts","status":"publish","type":"post","link":"https:\/\/www.europesays.com\/fr\/526621\/","title":{"rendered":"Choc frontal, \u00ab\u00a0effroi\u00a0\u00bb\u2026 Un tr\u00e8s violent accident de la route fait cinq morts"},"content":{"rendered":"<p>Un terrible <a href=\"https:\/\/www.20minutes.fr\/dossier\/accident_de_la_route\" target=\"_blank\" class=\"c-link c-link--is-underlined\" rel=\"noopener\">accident de la route<\/a> a eu lieu lundi en <a href=\"https:\/\/www.20minutes.fr\/dossier\/saone_et_loire\" target=\"_blank\" class=\"c-link c-link--is-underlined\" rel=\"noopener\">Sa\u00f4ne-et-Loire<\/a>. Cinq personnes sont mortes dans une violente collision entre v\u00e9hicules, a indiqu\u00e9 dans la soir\u00e9e le pr\u00e9sident du d\u00e9partement dans un message publi\u00e9 sur Facebook.<\/p>\n<p>\u00ab\u00a0C\u2019est avec effroi que j\u2019ai appris en fin d\u2019apr\u00e8s-midi (lundi) ce dramatique accident au lieu-dit La Pouge entre La Clayette et Saint-Symphorien-des-Bois\u00a0\u00bb, \u00e0 une quarantaine de kilom\u00e8tres \u00e0 vol d\u2019oiseau \u00e0 l\u2019ouest de M\u00e2con, \u00ab\u00a0un choc frontal qui a caus\u00e9 la mort de cinq personnes\u00a0\u00bb, a \u00e9crit Andr\u00e9 Accary.<\/p>\n<p>Une voiture nettement enfonc\u00e9e<\/p>\n<p>Quatre femmes et un homme occupaient les deux v\u00e9hicules qui se sont percut\u00e9s vers 17 heures et sont d\u00e9c\u00e9d\u00e9s, d\u2019apr\u00e8s la radio ICI Bourgogne. Une vid\u00e9o publi\u00e9e par le Journal de Sa\u00f4ne-et-Loire montre deux voitures accident\u00e9es frontalement dont l\u2019une, nettement enfonc\u00e9e par l\u2019avant, vitres bris\u00e9es, et porti\u00e8re conducteur manquante, est sur le bord de la route. Parmi les secours mobilis\u00e9s, on constate la pr\u00e9sence d\u2019un h\u00e9licopt\u00e8re.<\/p>\n<\/p>\n<p>\u00ab\u00a0Je souhaite adresser ce soir mes plus sinc\u00e8res condol\u00e9ances aux familles des victimes. Et saluer les nombreux pompiers (de Sa\u00f4ne-et-Loire) qui ont assur\u00e9 cette intervention \u00e9motionnellement pesante\u00a0\u00bb, a soulign\u00e9 Andr\u00e9 Accary sur son r\u00e9seau social.<\/p>\n<p><a href=\"https:\/\/www.20minutes.fr\/dossier\/accident_de_la_route\" target=\"_blank\" class=\"c-link c-btn c-btn--primary\" rel=\"noopener\">Notre dossier sur les Accidents de la route<\/a><\/p>\n<p>Au troisi\u00e8me trimestre\u00a02025, avec 970 d\u00e9c\u00e8s, la hausse de la mortalit\u00e9 routi\u00e8re a atteint 16,7\u00a0% par rapport \u00e0 la m\u00eame p\u00e9riode en\u00a02024, d\u2019apr\u00e8s des donn\u00e9es de la <a href=\"https:\/\/www.20minutes.fr\/dossier\/securite-routiere\" target=\"_blank\" class=\"c-link c-link--is-underlined\" rel=\"noopener\">S\u00e9curit\u00e9 routi\u00e8re<\/a> publi\u00e9es en octobre. Le mois d\u2019ao\u00fbt\u00a02025 a lui-m\u00eame \u00e9t\u00e9 le plus meurtrier depuis quatorze ans. Sur l\u2019ensemble de l\u2019ann\u00e9e\u00a02024, 3.193 d\u00e9c\u00e8s ont \u00e9t\u00e9 enregistr\u00e9s sur les routes de l\u2019Hexagone, une mortalit\u00e9 quasi stable par rapport \u00e0 l\u2019ann\u00e9e pr\u00e9c\u00e9dente, avec une l\u00e9g\u00e8re baisse des bless\u00e9s, selon les chiffres de l\u2019Observatoire national interminist\u00e9riel de la S\u00e9curit\u00e9 routi\u00e8re (ONISR).<\/p>\n","protected":false},"excerpt":{"rendered":"Un terrible accident de la route a eu lieu lundi en Sa\u00f4ne-et-Loire. Cinq personnes sont mortes dans une&hellip;\n","protected":false},"author":2,"featured_media":526622,"comment_status":"","ping_status":"","sticky":false,"template":"","format":"standard","meta":{"footnotes":""},"categories":[2],"tags":[4376,47,11,118,1011,27,12,25,6003,5009],"class_list":{"0":"post-526621","1":"post","2":"type-post","3":"status-publish","4":"format-standard","5":"has-post-thumbnail","7":"category-actualites","8":"tag-accident-de-la-route","9":"tag-actualite","10":"tag-actualites","11":"tag-faits-divers","12":"tag-fr","13":"tag-france","14":"tag-news","15":"tag-republique-francaise","16":"tag-saone-et-loire","17":"tag-securite-routiere"},"share_on_mastodon":{"url":"https:\/\/pubeurope.com\/@fr\/115529798374525427","error":""},"_links":{"self":[{"href":"https:\/\/www.europesays.com\/fr\/wp-json\/wp\/v2\/posts\/526621","targetHints":{"allow":["GET"]}}],"collection":[{"href":"https:\/\/www.europesays.com\/fr\/wp-json\/wp\/v2\/posts"}],"about":[{"href":"https:\/\/www.europesays.com\/fr\/wp-json\/wp\/v2\/types\/post"}],"author":[{"embeddable":true,"href":"https:\/\/www.europesays.com\/fr\/wp-json\/wp\/v2\/users\/2"}],"replies":[{"embeddable":true,"href":"https:\/\/www.europesays.com\/fr\/wp-json\/wp\/v2\/comments?post=526621"}],"version-history":[{"count":0,"href":"https:\/\/www.europesays.com\/fr\/wp-json\/wp\/v2\/posts\/526621\/revisions"}],"wp:featuredmedia":[{"embeddable":true,"href":"https:\/\/www.europesays.com\/fr\/wp-json\/wp\/v2\/media\/526622"}],"wp:attachment":[{"href":"https:\/\/www.europesays.com\/fr\/wp-json\/wp\/v2\/media?parent=526621"}],"wp:term":[{"taxonomy":"category","embeddable":true,"href":"https:\/\/www.europesays.com\/fr\/wp-json\/wp\/v2\/categories?post=526621"},{"taxonomy":"post_tag","embeddable":true,"href":"https:\/\/www.europesays.com\/fr\/wp-json\/wp\/v2\/tags?post=526621"}],"curies":[{"name":"wp","href":"https:\/\/api.w.org\/{rel}","templated":true}]}}