{"id":526627,"date":"2025-11-11T07:10:12","date_gmt":"2025-11-11T07:10:12","guid":{"rendered":"https:\/\/www.europesays.com\/fr\/526627\/"},"modified":"2025-11-11T07:10:12","modified_gmt":"2025-11-11T07:10:12","slug":"atonio-tatafu-colombe-montagne-apres-la-defaite-contre-les-sud-africains-le-bourbier-des-piliers-droits-refait-surface","status":"publish","type":"post","link":"https:\/\/www.europesays.com\/fr\/526627\/","title":{"rendered":"Atonio, Tatafu, Colombe, Montagne&#8230; Apr\u00e8s la d\u00e9faite contre les Sud-Africains, le bourbier des piliers droits refait surface"},"content":{"rendered":"\n<p>Atonio, Tatafu, Colombe, Montagne&#8230; Apr\u00e8s la d\u00e9faite contre les Sud-Africains, le bourbier des piliers droits refait surface<\/p>\n<p>La d\u00e9faite contre l&rsquo;Afrique du Sud samedi au Stade de France (17-32) a rappel\u00e9 la n\u00e9cessit\u00e9 de pouvoir s&rsquo;appuyer sur des piliers droits capables de rivaliser en m\u00eal\u00e9e. Rappel\u00e9 aussi que Uini Atonio reste la meilleure option des Bleus, et qu&rsquo;il aura trente-sept ans \u00e0 la Coupe du monde 2027.<\/p>\n","protected":false},"excerpt":{"rendered":"Atonio, Tatafu, Colombe, Montagne&#8230; Apr\u00e8s la d\u00e9faite contre les Sud-Africains, le bourbier des piliers droits refait surface La&hellip;\n","protected":false},"author":2,"featured_media":526628,"comment_status":"","ping_status":"","sticky":false,"template":"","format":"standard","meta":{"footnotes":""},"categories":[1416],"tags":[1011,27,479,1468,60],"class_list":{"0":"post-526627","1":"post","2":"type-post","3":"status-publish","4":"format-standard","5":"has-post-thumbnail","7":"category-rugby","8":"tag-fr","9":"tag-france","10":"tag-rugby","11":"tag-rugby-football","12":"tag-sports"},"share_on_mastodon":{"url":"https:\/\/pubeurope.com\/@fr\/115529818125992696","error":""},"_links":{"self":[{"href":"https:\/\/www.europesays.com\/fr\/wp-json\/wp\/v2\/posts\/526627","targetHints":{"allow":["GET"]}}],"collection":[{"href":"https:\/\/www.europesays.com\/fr\/wp-json\/wp\/v2\/posts"}],"about":[{"href":"https:\/\/www.europesays.com\/fr\/wp-json\/wp\/v2\/types\/post"}],"author":[{"embeddable":true,"href":"https:\/\/www.europesays.com\/fr\/wp-json\/wp\/v2\/users\/2"}],"replies":[{"embeddable":true,"href":"https:\/\/www.europesays.com\/fr\/wp-json\/wp\/v2\/comments?post=526627"}],"version-history":[{"count":0,"href":"https:\/\/www.europesays.com\/fr\/wp-json\/wp\/v2\/posts\/526627\/revisions"}],"wp:featuredmedia":[{"embeddable":true,"href":"https:\/\/www.europesays.com\/fr\/wp-json\/wp\/v2\/media\/526628"}],"wp:attachment":[{"href":"https:\/\/www.europesays.com\/fr\/wp-json\/wp\/v2\/media?parent=526627"}],"wp:term":[{"taxonomy":"category","embeddable":true,"href":"https:\/\/www.europesays.com\/fr\/wp-json\/wp\/v2\/categories?post=526627"},{"taxonomy":"post_tag","embeddable":true,"href":"https:\/\/www.europesays.com\/fr\/wp-json\/wp\/v2\/tags?post=526627"}],"curies":[{"name":"wp","href":"https:\/\/api.w.org\/{rel}","templated":true}]}}