{"id":526631,"date":"2025-11-11T07:15:13","date_gmt":"2025-11-11T07:15:13","guid":{"rendered":"https:\/\/www.europesays.com\/fr\/526631\/"},"modified":"2025-11-11T07:15:13","modified_gmt":"2025-11-11T07:15:13","slug":"martigues-sc-paydenrygel-leffectif-2026-actualite","status":"publish","type":"post","link":"https:\/\/www.europesays.com\/fr\/526631\/","title":{"rendered":"Martigues SC-Payden&#038;Rygel : L&rsquo;effectif 2026 &#8211; Actualit\u00e9"},"content":{"rendered":"<p style=\"text-align: justify;\">Quatorze coureurs vont composer l&rsquo;effectif de Martigues SC-Payden&amp;Rygel en 2026. Le club de N3 accueille huit nouveaux coureurs. En 2025, Martigues SC-Payden&amp;Rygel a termin\u00e9 1\u00e8re \u00e9quipe du classement des N3 du Challenge DV et 15e de la Coupe de France N3.<\/p>\n<p><strong>L&rsquo;effectif 2026 de Martigues SC-Payde&amp;Rygel<\/strong> :<br \/>Lilian Bernat, 21 ans\u00a0<br \/>Morgan Bertet, 23ans<br \/>Yolan Cadat, 22 ans (Grenoble M\u00e9tropole Cyclisme 38)<br \/>Timoth\u00e9e De Verdelhan, 18 ans (VC Fontainebleau)<br \/>Th\u00e9o Fouret, 17 ans<br \/>N\u00e9h\u00e9my Jean-Baptiste, 18 ans (EC Ducossaisen double appartenance)<br \/>Evan Jullian, 19 ans\u00a0<br \/>Julian Krajcik, 18 ans (Mimosa Sprint Mandelieu)<br \/>Thomas Pelloux, 20 ans (AS Villemur)<br \/>Hugo Picard, 18 ans (Mimosa Sprint Mandelieu)<br \/>Mael Qu\u00e9au, 18 ans (Mimosa Sprint Mandelieu)<br \/>Sloan Rocchi, 19 ans\u00a0<br \/>Lucas Salomon, 29 ans<br \/>Oscar Talbot, 18 ans (Cycling South Canterbury)<\/p>\n<p>Les d\u00e9parts : Benjamin Hivart et Neriah Meunier Sow (Surne Bilbao Cycling Team),\u00a0Jules Chatelon, Dean Harvey, Noah Hollamby, Martin Marinov, Lachlan McNabb, Rafael Philippe, et Tyler Tomkinson.<\/p>\n","protected":false},"excerpt":{"rendered":"Quatorze coureurs vont composer l&rsquo;effectif de Martigues SC-Payden&amp;Rygel en 2026. Le club de N3 accueille huit nouveaux coureurs.&hellip;\n","protected":false},"author":2,"featured_media":526632,"comment_status":"","ping_status":"","sticky":false,"template":"","format":"standard","meta":{"footnotes":""},"categories":[1411],"tags":[834,828,836,829,837,827,83,826,824,823,1154,207,814,817,815,816,822,821,832,211,839,1011,27,820,818,819,835,831,830,833,838,60,212,208,825],"class_list":{"0":"post-526631","1":"post","2":"type-post","3":"status-publish","4":"format-standard","5":"has-post-thumbnail","7":"category-cyclisme","8":"tag-attaque","9":"tag-belgique","10":"tag-braquet","11":"tag-bretagne","12":"tag-chute","13":"tag-competition","14":"tag-coupe-de-france","15":"tag-coureur","16":"tag-course-cyclisme","17":"tag-course-cycliste","18":"tag-cycling","19":"tag-cyclisme","20":"tag-direct","21":"tag-direct-velo","22":"tag-directvelo","23":"tag-directvelo-com","24":"tag-epreuve","25":"tag-epreuve-cycliste","26":"tag-federation-francaise-de-cyclisme","27":"tag-ffc","28":"tag-flandres","29":"tag-fr","30":"tag-france","31":"tag-live","32":"tag-live-course","33":"tag-live-epreuve","34":"tag-peloton","35":"tag-radio-peloton","36":"tag-radio-tour","37":"tag-ravitaillement","38":"tag-relance","39":"tag-sports","40":"tag-uci","41":"tag-velo","42":"tag-velos"},"share_on_mastodon":{"url":"https:\/\/pubeurope.com\/@fr\/115529837692179702","error":""},"_links":{"self":[{"href":"https:\/\/www.europesays.com\/fr\/wp-json\/wp\/v2\/posts\/526631","targetHints":{"allow":["GET"]}}],"collection":[{"href":"https:\/\/www.europesays.com\/fr\/wp-json\/wp\/v2\/posts"}],"about":[{"href":"https:\/\/www.europesays.com\/fr\/wp-json\/wp\/v2\/types\/post"}],"author":[{"embeddable":true,"href":"https:\/\/www.europesays.com\/fr\/wp-json\/wp\/v2\/users\/2"}],"replies":[{"embeddable":true,"href":"https:\/\/www.europesays.com\/fr\/wp-json\/wp\/v2\/comments?post=526631"}],"version-history":[{"count":0,"href":"https:\/\/www.europesays.com\/fr\/wp-json\/wp\/v2\/posts\/526631\/revisions"}],"wp:featuredmedia":[{"embeddable":true,"href":"https:\/\/www.europesays.com\/fr\/wp-json\/wp\/v2\/media\/526632"}],"wp:attachment":[{"href":"https:\/\/www.europesays.com\/fr\/wp-json\/wp\/v2\/media?parent=526631"}],"wp:term":[{"taxonomy":"category","embeddable":true,"href":"https:\/\/www.europesays.com\/fr\/wp-json\/wp\/v2\/categories?post=526631"},{"taxonomy":"post_tag","embeddable":true,"href":"https:\/\/www.europesays.com\/fr\/wp-json\/wp\/v2\/tags?post=526631"}],"curies":[{"name":"wp","href":"https:\/\/api.w.org\/{rel}","templated":true}]}}