{"id":52666,"date":"2025-04-25T20:58:25","date_gmt":"2025-04-25T20:58:25","guid":{"rendered":"https:\/\/www.europesays.com\/fr\/52666\/"},"modified":"2025-04-25T20:58:25","modified_gmt":"2025-04-25T20:58:25","slug":"20-talents-de-lhumour-vont-saffronter-au-zenith-de-strasbourg","status":"publish","type":"post","link":"https:\/\/www.europesays.com\/fr\/52666\/","title":{"rendered":"20 talents de l\u2019humour vont s\u2019affronter au Z\u00e9nith de Strasbourg !"},"content":{"rendered":"<p>    <img loading=\"lazy\" width=\"1800\" height=\"900\" src=\"https:\/\/www.europesays.com\/fr\/wp-content\/uploads\/2025\/04\/jeanne-callthepolice.jpg\" class=\"attachment-full size-full\" alt=\"\" id=\"imageLove\" decoding=\"async\"  \/><\/p>\n<p id=\"breadcrumbs\"><a href=\"https:\/\/pokaa.fr\/\" rel=\"nofollow noopener\" target=\"_blank\">Accueil<\/a> \/ <a href=\"https:\/\/pokaa.fr\/categories\/ses-sorties\/\" rel=\"nofollow noopener\" target=\"_blank\">Sorties<\/a> \/ Mondial de l\u2019Impro : 20 talents de l\u2019humour vont s\u2019affronter au Z\u00e9nith de Strasbourg !<\/p>\n<p>                    Sorties<\/p>\n<p><strong>Le samedi 3 mai, le Mondial de l\u2019Impro est de retour pour son 25e anniversaire. \u00c0 cette occasion, l\u2019\u00e9v\u00e8nement accueillera le public au Z\u00e9nith de Strasbourg ! Au programme, 20 com\u00e9dien(ne)s\/humoristes qui vont s\u2019affronter dans un show aussi loufoque que spontan\u00e9, le tout dirig\u00e9 par le public et avec un invit\u00e9 prestigieux : Issa Doumbia.\u00a0<\/strong><\/p>\n<p><b>Qui dit anniversaire dit lieu d\u2019exception.<\/b> Pour la premi\u00e8re fois, le Mondial de l\u2019Impro s\u2019installera au Z\u00e9nith de Strasbourg,<b> le samedi 3 mai<\/b>. En lice ? 20 com\u00e9dien(ne)s\/humoristes, qui s\u2019affronteront lors de joutes verbales devant des milliers de spectateurs\/rices.<\/p>\n<p>Un \u00e9v\u00e9nement qui r\u00e9unira<b> les meilleur(e)s improvisateurs et improvisatrices du monde<\/b>, pour un spectacle rempli de cr\u00e9ativit\u00e9 et de spontan\u00e9it\u00e9.<\/p>\n<p>Et pour aller encore plus loin dans l\u2019exp\u00e9rience : le show sera accompagn\u00e9 d\u2019un <b>orchestre live<\/b> <b>men\u00e9 par John Dada<\/b>, qui offrira \u00e0 la salle une <b>dimension sonore toute particuli\u00e8re.<\/b><\/p>\n<p>    <img width=\"800\" height=\"532\" src=\"https:\/\/www.europesays.com\/fr\/wp-content\/uploads\/2025\/04\/2822432862-d60578114c-k-copie-800x532.jpg\" class=\"attachment-image-size-L size-image-size-L\" alt=\"Z\u00e9nith de Strasbourg\" decoding=\"async\" loading=\"lazy\"  \/>         \u00a9 Vince Philbert &#8211; Flickr \/ Photo d&rsquo;illustration <\/p>\n<p>                <img width=\"751\" height=\"500\" src=\"https:\/\/www.europesays.com\/fr\/wp-content\/uploads\/2025\/04\/zenith-strasbourg-concert.jpg\" class=\"attachment-gallery size-gallery\" alt=\"zenith-strasbourg-concert\" data-full-url=\"https:\/\/www.europesays.com\/fr\/wp-content\/uploads\/2025\/04\/zenith-strasbourg-concert.jpg\" decoding=\"async\" loading=\"lazy\"  \/>            <\/p>\n<p>                <img width=\"889\" height=\"500\" src=\"https:\/\/www.europesays.com\/fr\/wp-content\/uploads\/2025\/04\/studio-zenith-strasbourg-live-musique3.jpg\" class=\"attachment-gallery size-gallery\" alt=\"studio-zenith-strasbourg-live-musique3\" data-full-url=\"https:\/\/www.europesays.com\/fr\/wp-content\/uploads\/2025\/04\/studio-zenith-strasbourg-live-musique3.jpg\" decoding=\"async\" loading=\"lazy\"  \/>            <\/p>\n<p>                    \u00a9 Documents remis<\/p>\n<p>Un public actif mis \u00e0 contribution <\/p>\n<p>Toutefois, que serait un spectacle d\u2019improvisation sans la <b>participation du public<\/b> ? Il sera amen\u00e9, et ce d\u00e8s l\u2019entr\u00e9e en mati\u00e8re, \u00e0 <b>d\u00e9finir un th\u00e8me qui donnera lieu \u00e0 la confection d\u2019un court m\u00e9trage<\/b> de 5 minutes. Dans ce spectacle o\u00f9 tout le monde est acteur\/rice, <b>le public sera invit\u00e9 \u00e0 voter<\/b> au terme de chaque prestation jusqu\u2019\u00e0 d\u00e9terminer le\/la grand(e) gagnant(e).<\/p>\n<p><b>R\u00e9gis Boughazra, bien connu du public alsacien<\/b>, organisera les matchs d\u2019impro en sa qualit\u00e9 de ma\u00eetre de c\u00e9r\u00e9monie. <b>Antonia de Rendinger, C\u00e9cile Giroud, Yann Stotz, Axel Van Exter, <\/b>des noms bien connus du monde de l\u2019impro, seront \u00e9galement de la partie.<\/p>\n<p>    <img width=\"800\" height=\"534\" src=\"https:\/\/www.europesays.com\/fr\/wp-content\/uploads\/2025\/04\/improo-800x534.jpg\" class=\"attachment-image-size-L size-image-size-L\" alt=\"R\u00e9gis Boughazra\" decoding=\"async\" loading=\"lazy\"  \/>         R\u00e9gis Boughazra. \u00a9 Les Improvisateurs \/ Document remis <\/p>\n<p>                <img width=\"375\" height=\"500\" src=\"https:\/\/www.europesays.com\/fr\/wp-content\/uploads\/2025\/04\/impro-375x500.jpg\" class=\"attachment-gallery size-gallery\" alt=\"Les Improvisateurs\" data-full-url=\"https:\/\/pokaa.fr\/wp-content\/uploads\/2025\/04\/24\/impro.jpg\" decoding=\"async\" loading=\"lazy\"  \/>            <\/p>\n<p>                <img width=\"375\" height=\"500\" src=\"https:\/\/www.europesays.com\/fr\/wp-content\/uploads\/2025\/04\/improooo-375x500.jpg\" class=\"attachment-gallery size-gallery\" alt=\"Les Improvisateurs\" data-full-url=\"https:\/\/pokaa.fr\/wp-content\/uploads\/2025\/04\/24\/improooo.jpg\" decoding=\"async\" loading=\"lazy\"  \/>            <\/p>\n<p>                <img width=\"667\" height=\"500\" src=\"https:\/\/www.europesays.com\/fr\/wp-content\/uploads\/2025\/04\/impros-667x500.jpg\" class=\"attachment-gallery size-gallery\" alt=\"Les Improvisateurs\" data-full-url=\"https:\/\/pokaa.fr\/wp-content\/uploads\/2025\/04\/24\/impros.jpg\" decoding=\"async\" loading=\"lazy\"  \/>            <\/p>\n<p>                <img width=\"750\" height=\"500\" src=\"https:\/\/www.europesays.com\/fr\/wp-content\/uploads\/2025\/04\/impross-750x500.jpg\" class=\"attachment-gallery size-gallery\" alt=\"Les Improvisateurs\" data-full-url=\"https:\/\/pokaa.fr\/wp-content\/uploads\/2025\/04\/24\/impross.jpg\" decoding=\"async\" loading=\"lazy\"  \/>            <\/p>\n<p>                    \u00a9 Les Improvisateurs \/ Documents remis<\/p>\n<p>Un invit\u00e9 hors pair : Issa Doumbia<\/p>\n<p><strong>Invit\u00e9 d\u2019exception<\/strong>,<strong> Issa Doumbia effectuera un retour aux sources. <\/strong>En effet, ce com\u00e9dien r\u00e9put\u00e9 a d\u00e9but\u00e9 sa carri\u00e8re avec l\u2019improvisation et profitera de son unique week-end de rel\u00e2che \u2013 il effectue actuellement une tourn\u00e9e dans le cadre de son one man show \u2013 pour<strong> s\u2019adonner \u00e0 sa premi\u00e8re passion devant le public du Z\u00e9nith de Strasbourg.<\/strong><\/p>\n<p>    <img width=\"400\" height=\"600\" src=\"https:\/\/www.europesays.com\/fr\/wp-content\/uploads\/2025\/04\/impro2-400x600.jpeg\" class=\"attachment-image-size-M size-image-size-M\" alt=\"impro2\" decoding=\"async\" loading=\"lazy\"  \/>         Issa Doumbia. \u00a9 Les Improvisateurs \/ Document remis <\/p>\n<p><strong>Bref, vous l\u2019avez compris : c\u2019est une soir\u00e9e \u00e0 ne pas rater, et les infos ainsi que la billetterie sont disponibles <a href=\"https:\/\/www.zenith-strasbourg.fr\/evenement\/le-mondial-de-limpro\/\" target=\"_blank\" rel=\"noopener nofollow\">en cliquant ici<\/a>.\u00a0<\/strong><\/p>\n<p>            Le Mondial de l&rsquo;Impro 2025<\/p>\n<p>            Quoi ?<br \/>\n            Rendez-vous international d\u2019improvisation th\u00e9\u00e2trale professionnelle<\/p>\n<p>                Quand ?<\/p>\n<p>Le samedi 3 mai 2025, d\u00e8s 20h<\/p>\n<p>            o\u00f9 ?<\/p>\n<p>Au Z\u00e9nith de Strasbourg, 1 all\u00e9e du Z\u00e9nith, \u00e0 Eckbolsheim<\/p>\n<p>                Plus d&rsquo;infos ?<\/p>\n<p><a href=\"https:\/\/www.zenith-strasbourg.fr\/evenement\/le-mondial-de-limpro\/\" target=\"_blank\" rel=\"noopener nofollow\">La billetterie de l\u2019\u00e9v\u00e9nement<\/a><\/p>\n<p><a href=\"https:\/\/www.instagram.com\/lesimprovisateurs\/\" target=\"_blank\" rel=\"noopener nofollow\">La page Instagram des Improvisateurs<\/a><\/p>\n<p>    <img width=\"337\" height=\"600\" src=\"https:\/\/www.europesays.com\/fr\/wp-content\/uploads\/2025\/04\/improv-337x600.png\" class=\"attachment-image-size-M size-image-size-M\" alt=\"Les Improvisateurs\" decoding=\"async\" loading=\"lazy\"  \/>         \u00a9 Les Improvisateurs \/ Document remis <\/p>\n<p><script async src=\"\/\/www.instagram.com\/embed.js\"><\/script><\/p>\n","protected":false},"excerpt":{"rendered":"Accueil \/ Sorties \/ Mondial de l\u2019Impro : 20 talents de l\u2019humour vont s\u2019affronter au Z\u00e9nith de Strasbourg&hellip;\n","protected":false},"author":2,"featured_media":52667,"comment_status":"","ping_status":"","sticky":false,"template":"","format":"standard","meta":{"footnotes":""},"categories":[2820],"tags":[1111,11,1777,674,1011,27,775,14608,14609,12,25,3140,640,14610],"class_list":{"0":"post-52666","1":"post","2":"type-post","3":"status-publish","4":"format-standard","5":"has-post-thumbnail","7":"category-strasbourg","8":"tag-actu","9":"tag-actualites","10":"tag-eu","11":"tag-europe","12":"tag-fr","13":"tag-france","14":"tag-grand-est","15":"tag-improvisation","16":"tag-les-improvisateurs","17":"tag-news","18":"tag-republique-francaise","19":"tag-spectacle","20":"tag-strasbourg","21":"tag-zenith-de-strasbourg"},"share_on_mastodon":{"url":"https:\/\/pubeurope.com\/@fr\/114400611976309122","error":""},"_links":{"self":[{"href":"https:\/\/www.europesays.com\/fr\/wp-json\/wp\/v2\/posts\/52666","targetHints":{"allow":["GET"]}}],"collection":[{"href":"https:\/\/www.europesays.com\/fr\/wp-json\/wp\/v2\/posts"}],"about":[{"href":"https:\/\/www.europesays.com\/fr\/wp-json\/wp\/v2\/types\/post"}],"author":[{"embeddable":true,"href":"https:\/\/www.europesays.com\/fr\/wp-json\/wp\/v2\/users\/2"}],"replies":[{"embeddable":true,"href":"https:\/\/www.europesays.com\/fr\/wp-json\/wp\/v2\/comments?post=52666"}],"version-history":[{"count":0,"href":"https:\/\/www.europesays.com\/fr\/wp-json\/wp\/v2\/posts\/52666\/revisions"}],"wp:featuredmedia":[{"embeddable":true,"href":"https:\/\/www.europesays.com\/fr\/wp-json\/wp\/v2\/media\/52667"}],"wp:attachment":[{"href":"https:\/\/www.europesays.com\/fr\/wp-json\/wp\/v2\/media?parent=52666"}],"wp:term":[{"taxonomy":"category","embeddable":true,"href":"https:\/\/www.europesays.com\/fr\/wp-json\/wp\/v2\/categories?post=52666"},{"taxonomy":"post_tag","embeddable":true,"href":"https:\/\/www.europesays.com\/fr\/wp-json\/wp\/v2\/tags?post=52666"}],"curies":[{"name":"wp","href":"https:\/\/api.w.org\/{rel}","templated":true}]}}