{"id":526673,"date":"2025-11-11T07:41:13","date_gmt":"2025-11-11T07:41:13","guid":{"rendered":"https:\/\/www.europesays.com\/fr\/526673\/"},"modified":"2025-11-11T07:41:13","modified_gmt":"2025-11-11T07:41:13","slug":"a-rouen-ce-nouveau-restaurant-veut-retrouver-ladn-de-la-viande-au-feu-de-bois-sans-chichi","status":"publish","type":"post","link":"https:\/\/www.europesays.com\/fr\/526673\/","title":{"rendered":"\u00c0 Rouen, ce nouveau restaurant veut retrouver l&rsquo;ADN de la viande au feu de bois \u00ab\u00a0sans chichi \u00bb"},"content":{"rendered":"<p>            Par<br \/>\n        <strong><br \/>\n            <a href=\"https:\/\/actu.fr\/auteur\/lily-dedeye\" title=\"Consulter tous les articles de Lily Dedeye\" target=\"_blank\" rel=\"noopener\">Lily Dedeye<\/a><br \/>\n        <\/strong><\/p>\n<p>        Publi\u00e9 le<\/p>\n<p>            11 nov. 2025 \u00e0 7h46        <\/p>\n<p>Le 30 octobre dernier, la pizzeria de la rue du Vieux palais <a href=\"https:\/\/actu.fr\/normandie\/rouen_76540\" target=\"_blank\" rel=\"noopener\">\u00e0 Rouen<\/a> a troqu\u00e9 sa place avec une nouvelle enseigne : <strong>ADN<\/strong>, un bar \u00e0 viandes qui met<strong> la cuisson au feu de bois<\/strong> \u00e0 l\u2019honneur.<\/p>\n<p>Ambiance normando-basque au bar \u00e0 viandes<\/p>\n<p class=\" wall-content\">Quand on y entre, c\u2019est tout un univers qui nous emporte. Murs rouges et bleus, ballons de rugby, tables en bois brut, chaises en cuir. Ambiance basque. Ambiance normande. David Oper, co-g\u00e9rant (avec sa femme Am\u00e9lie et son chef cuisinier Nicolas Deschamps) confie :\u00a0 \u00ab\u00a0J\u2019ai voulu cr\u00e9er une transition entre ces diff\u00e9rentes r\u00e9gions d\u2019o\u00f9 je viens. <strong>Un m\u00e9lange sport, rugby, pelote basque.<\/strong> Je pense qu\u2019en tant qu\u2019entrepreneur on est tr\u00e8s influenc\u00e9 par ses souvenirs, ses passions et ses exp\u00e9riences\u00a0\u00bb.\u00a0<\/p>\n<p>    <img   decoding=\"async\" loading=\"lazy\" src=\"https:\/\/www.europesays.com\/fr\/wp-content\/uploads\/2025\/11\/img-3145-960x640.jpg\" alt=\"Le nouveau restaurant ADN est sp\u00e9cialis\u00e9 dans la cuisson au feu de bois et \" width=\"960\" height=\"640\"\/><br \/>\n    Le nouveau restaurant ADN est sp\u00e9cialis\u00e9 dans la cuisson au feu de bois et \u00ab\u00a0vin des copains\u00a0\u00bb. (\u00a9Lily Dedeye)Les souvenirs d\u2019enfant<\/p>\n<p class=\" wall-content\">Ce projet est n\u00e9 il y a plusieurs ann\u00e9es. David Oper et sa femme Am\u00e9lie, <strong>associ\u00e9s et \u00e9galement g\u00e9rants du restaurant D\u2019eux-m\u00eames<\/strong> d\u00e9cident de se challenger en achetant un deuxi\u00e8me restaurant.<\/p>\n<p class=\" wall-content\">\u00c0 l\u2019\u00e9poque la pizzeria fonctionne bien, car seulement quatre sont implant\u00e9es dans le secteur, mais, face \u00e0 la multiplication des enseignes de ce type,<strong> ils d\u00e9cident r\u00e9cemment de changer.<\/strong> Ils s\u2019associent avec Nicolas Deschamps leur chef cuisinier et cr\u00e9ent ADN. \u00ab J\u2019ai repens\u00e9 \u00e0 quand j\u2019\u00e9tais enfant, il y avait ce restaurant de viande Joli-ox, dans lequel nous passions toujours de super soir\u00e9es avec mes parents. Alors j\u2019ai sugg\u00e9r\u00e9 de recr\u00e9er ce concept. Avec Nicolas, on a pens\u00e9 au four \u00e0 bois et on s\u2019est dit qu\u2019on allait faire <strong>un bar \u00e0 viandes, cuisson 100% feu de bois.<\/strong> \u00bb<\/p>\n<p>Vid\u00e9os : en ce moment sur Actu<br \/>\n    <img   decoding=\"async\" loading=\"lazy\" src=\"https:\/\/www.europesays.com\/fr\/wp-content\/uploads\/2025\/11\/img-3124-960x640.jpg\" alt=\"Le restaurant ADN peut accueillir une centaine de couverts gr\u00e2ce \u00e0 ses deux salles dont une \u00e0 l'\u00e9tage.\" width=\"960\" height=\"640\"\/><br \/>\n    Le restaurant ADN peut accueillir une centaine de couverts gr\u00e2ce \u00e0 ses deux salles dont une \u00e0 l\u2019\u00e9tage. (\u00a9Lily Dedeye)Des produits locaux au feu de bois<\/p>\n<p class=\" wall-content\">Sur la carte du restaurant, on retrouve un large panel de la cuisine fran\u00e7aise. Jarretons de cochon, andouillette, burger \u00e0 l\u2019effiloch\u00e9 de porc, traditionnel os \u00e0 moelle, terrines et rillettes. Le tout, 100% cuit au feu de bois <strong>dans l\u2019ancien four \u00e0 pizza<\/strong>. \u00ab La particularit\u00e9 de ce four est qu\u2019il chauffe \u00e0 300 degr\u00e9s. Cela permet de saisir la viande tout en conservant le c\u00f4t\u00e9 moelleux et gratin\u00e9 \u00bb, raconte le g\u00e9rant.<\/p>\n<p>Votre r\u00e9gion, votre actu !<\/p>\n<p>Recevez chaque jour les infos qui comptent pour vous.<\/p>\n<p>\t<a href=\"https:\/\/actu.fr\/newsletter\" class=\"ac-btn ac-btn--corner ac-btn--medium ac-btn--blue800\" target=\"_blank\" rel=\"noopener\">S&rsquo;incrire<\/a><\/p>\n<p class=\" wall-content\">Pour ceux qui pr\u00e9f\u00e8rent les saveurs de la mer, des alternatives sont \u00e9galement propos\u00e9es comme <strong>du thon, du saumon ou une fricass\u00e9e d\u2019encornet<\/strong>. \u00ab On propose essentiellement des poissons qui ne craignent pas la chaleur du four \u00bb, commente David.<\/p>\n<p class=\" wall-content\">Concernant l\u2019approvisionnement, ce dernier fait fonctionner uniquement le local et le circuit court. \u00ab Pour les poissons je vais directement <strong>au Havre<\/strong> et j\u2019\u00e9vite ce qui est sous glace car la glace br\u00fble le poisson. Pour la viande, je fais fonctionner les producteurs locaux, je tiens \u00e7a de mes parents. Le nom ADN c\u2019est pour l\u2019ADN de la viande, la tra\u00e7abilit\u00e9. Une b\u00eate qui a bien v\u00e9cu produira toujours une viande plus qualitative. \u00bb<\/p>\n<p>    <img   decoding=\"async\" loading=\"lazy\" src=\"https:\/\/www.europesays.com\/fr\/wp-content\/uploads\/2025\/11\/img-3129-960x640.jpg\" alt=\"ADN, pour l'ADN de la viande et la tra\u00e7abilit\u00e9 des produits.\" width=\"960\" height=\"640\"\/><br \/>\n    ADN, pour l\u2019ADN de la viande et la tra\u00e7abilit\u00e9 des produits. (\u00a9Lily Dedeye)Du partage et de la gourmandise<\/p>\n<p class=\" wall-content\">Dans son restaurant, pour David, <strong>le ma\u00eetre mot est le partage.<\/strong> \u00ab Quand on a des clients qui viennent en groupe et qui prennent par exemple une c\u00f4te de boeuf et un onglet, on leur propose de leur servir les morceaux \u00e9minc\u00e9s dans un seul plat. Cela leur permet de partager et go\u00fbter \u00e0 tout. \u00bb Cette fa\u00e7on de faire lui vient de ses voyages. \u00ab J\u2019ai voyag\u00e9 en Australie \u00e7a m\u2019a ouvert l\u2019esprit, les gens partageaient beaucoup, j\u2019essaie de le transmettre dans mon restaurant. \u00bb<\/p>\n<p class=\" wall-content\">Ainsi, avec ce projet, David, Am\u00e9lie et Nicolas ont voulu cr\u00e9er un lieu \u00e0 leur image, simple, <strong>\u00ab\u00a0sans chichi\u00a0\u00bb,<\/strong> o\u00f9 ils peuvent transmettre leur passion du produit et leur go\u00fbt des bonnes choses.\u00a0 \u00ab Quand les gens entrent dans notre restaurant on veut qu\u2019ils se sentent bien. On leur propose de la qualit\u00e9 et de la gourmandise \u00e0 un prix raisonnable pour que tout le monde puisse y acc\u00e9der. \u00bb<\/p>\n<p class=\" wall-content\">Les plats avoisinent les 20 euros \u00e0 la carte et <strong>des formules \u00e0 16,50 euros<\/strong> sont \u00e9galement propos\u00e9es (entr\u00e9e\/plat, plat\/dessert ou encore plat\/caf\u00e9 gourmand). Plusieurs types de vins peuvent \u00eatre choisis, allant du plus connu au plus niche, \u00e0 des prix vari\u00e9s. Petit plus pour les gourmands : les desserts sont servis \u00e0 la louch\u00e9e\u2026<\/p>\n<p>ADN, 18 Rue du Vieux Palais \u00e0 Rouen, du mardi au samedi de 12h \u00e0 14h puis de 19h \u00e0 22h.\u00a0<\/p>\n<p>Suivez l\u2019actualit\u00e9 de Rouen <a href=\"https:\/\/www.whatsapp.com\/channel\/0029VaKfnf99hXF2ddApFB1D\" target=\"_blank\" rel=\"noopener\">sur notre cha\u00eene WhatsApp<\/a> et <a href=\"https:\/\/www.tiktok.com\/@76actu.fr?lang=fr\" target=\"_blank\" rel=\"noopener\">sur notre compte TikTok<\/a><\/p>\n<p class=\" wall-content\">Personnalisez votre actualit\u00e9 en ajoutant vos villes et m\u00e9dias en favori avec <a href=\"https:\/\/moncompte.actu.fr\" title=\"D\u00e9couvez Mon Actu\" rel=\"nofollow noopener\" data-trk=\"{&quot;cta&quot;:{&quot;action&quot;:&quot;https:\\\/\\\/moncompte.actu.fr&quot;,&quot;category&quot;:&quot;mon compte&quot;,&quot;from&quot;:&quot;article footer&quot;,&quot;name&quot;:&quot;Mon actu&quot;,&quot;type&quot;:&quot;cta&quot;}}\" target=\"_blank\">Mon Actu<\/a>.<\/p>\n<p>                    <script async src=\"\/\/www.tiktok.com\/embed.js\"><\/script><\/p>\n","protected":false},"excerpt":{"rendered":"Par Lily Dedeye Publi\u00e9 le 11 nov. 2025 \u00e0 7h46 Le 30 octobre dernier, la pizzeria de la&hellip;\n","protected":false},"author":2,"featured_media":526674,"comment_status":"","ping_status":"","sticky":false,"template":"","format":"standard","meta":{"footnotes":""},"categories":[9587],"tags":[1111,11,9086,1777,674,1011,27,1661,1652,12,5161,25,1340,9590],"class_list":{"0":"post-526673","1":"post","2":"type-post","3":"status-publish","4":"format-standard","5":"has-post-thumbnail","7":"category-rouen","8":"tag-actu","9":"tag-actualites","10":"tag-bon-plan-a-rouen","11":"tag-eu","12":"tag-europe","13":"tag-fr","14":"tag-france","15":"tag-gastronomie","16":"tag-loisirs-culture","17":"tag-news","18":"tag-normandie","19":"tag-republique-francaise","20":"tag-restaurant","21":"tag-rouen"},"share_on_mastodon":{"url":"https:\/\/pubeurope.com\/@fr\/115529941011104554","error":""},"_links":{"self":[{"href":"https:\/\/www.europesays.com\/fr\/wp-json\/wp\/v2\/posts\/526673","targetHints":{"allow":["GET"]}}],"collection":[{"href":"https:\/\/www.europesays.com\/fr\/wp-json\/wp\/v2\/posts"}],"about":[{"href":"https:\/\/www.europesays.com\/fr\/wp-json\/wp\/v2\/types\/post"}],"author":[{"embeddable":true,"href":"https:\/\/www.europesays.com\/fr\/wp-json\/wp\/v2\/users\/2"}],"replies":[{"embeddable":true,"href":"https:\/\/www.europesays.com\/fr\/wp-json\/wp\/v2\/comments?post=526673"}],"version-history":[{"count":0,"href":"https:\/\/www.europesays.com\/fr\/wp-json\/wp\/v2\/posts\/526673\/revisions"}],"wp:featuredmedia":[{"embeddable":true,"href":"https:\/\/www.europesays.com\/fr\/wp-json\/wp\/v2\/media\/526674"}],"wp:attachment":[{"href":"https:\/\/www.europesays.com\/fr\/wp-json\/wp\/v2\/media?parent=526673"}],"wp:term":[{"taxonomy":"category","embeddable":true,"href":"https:\/\/www.europesays.com\/fr\/wp-json\/wp\/v2\/categories?post=526673"},{"taxonomy":"post_tag","embeddable":true,"href":"https:\/\/www.europesays.com\/fr\/wp-json\/wp\/v2\/tags?post=526673"}],"curies":[{"name":"wp","href":"https:\/\/api.w.org\/{rel}","templated":true}]}}