{"id":526675,"date":"2025-11-11T07:44:21","date_gmt":"2025-11-11T07:44:21","guid":{"rendered":"https:\/\/www.europesays.com\/fr\/526675\/"},"modified":"2025-11-11T07:44:21","modified_gmt":"2025-11-11T07:44:21","slug":"dr-moralisateur-mr-patron-cynique-et-candidat-du-flou","status":"publish","type":"post","link":"https:\/\/www.europesays.com\/fr\/526675\/","title":{"rendered":"Dr MORALISATEUR, Mr PATRON CYNIQUE ET CANDIDAT DU FLOU"},"content":{"rendered":"<p>Posted On 11 novembre 2025 <\/p>\n<p style=\"text-align: justify;\">Romain Gentil (apparent\u00e9 PS, puis Place Publique) passe la deuxi\u00e8me pour les \u00e9lections municipales. Mais le candidat qui occupe le cr\u00e9neau du PS et est cr\u00e9dit\u00e9 de 9% dans le dernier sondage (en 2020, le socialiste Olivier Noblecourt faisait 11%) est affaiblie par une violente division dans sa propre \u00e9quipe, des r\u00e9v\u00e9lations sur son activit\u00e9 professionnelle contradictoire avec son discours public et des propositions \u00e9th\u00e9r\u00e9es, sans aucun financement.<\/p>\n<p>LE M\u00caME STORYTELLING QUE PIOLLE\/RUFFIN&#8230;<\/p>\n<p style=\"text-align: justify;\">Il a r\u00e9cemment pris un local de campagne, dans lequel il a donn\u00e9 <a target=\"_blank\" href=\"https:\/\/c.ledauphine.com\/elections\/2025\/11\/09\/romain-gentil-a-son-local-de-campagne-de-l-energie-et-surtout-l-envie-d-etre-maire\" rel=\"nofollow noopener\">une interview \u00e0 Eve Moulinier<\/a> du Dauphin\u00e9 Lib\u00e9r\u00e9. Il confirme son statut d&rsquo;hybride entre Eric Piolle et Laurence Ruffin (Verts), qui tente d&rsquo;occuper un cr\u00e9neau de gauche dans leur sillage tout en passant entre les gouttes sur les sujets clivants pour esp\u00e9rer s\u00e9duire un \u00e9lectorat plus large. Comme les deux, il nous fait le d\u00e9sormais bien us\u00e9 storytelling du cadre d&rsquo;entreprise qui se lance en politique &#8230;<\/p>\n<p><a href=\"https:\/\/grenoble-le-changement.fr\/wp-content\/uploads\/2025\/08\/romain-gentil.jpg\" rel=\"lightbox[86051] nofollow noopener\" target=\"_blank\"><img loading=\"lazy\" decoding=\"async\" class=\" wp-image-84172 jetpack-lazy-image\" src=\"https:\/\/grenoble-le-changement.fr\/wp-content\/uploads\/2025\/08\/romain-gentil-300x300.jpg\" alt=\"\" width=\"522\" height=\"522\" data-lazy-src=\"https:\/\/www.europesays.com\/fr\/wp-content\/uploads\/2025\/11\/romain-gentil-300x300.jpg\" \/><\/a>Romain Gentil (\u00e9lu avec le groupe socialiste puis Place Publique)<br \/>\n&#8230; D\u00c9J\u00c0 MIS \u00c0 MAL LUI AUSSI<\/p>\n<p style=\"text-align: justify;\">Sauf que comme Piolle et ses actions \u00e0 Singapour, <a href=\"https:\/\/grenoble-le-changement.fr\/2025\/11\/10\/laurence-ruffin-limposture-verte-se-fait-discrete\/\" rel=\"nofollow noopener\" target=\"_blank\">comme Ruffin et l&rsquo;activit\u00e9 de son entreprise au service des plus gros pollueurs<\/a>, l&rsquo;histoire de Romain Gentil a d\u00e9j\u00e0 \u00e9t\u00e9 d\u00e9mont\u00e9e par le Postillon. Il est \u00e0 la t\u00eate de Wizbii, une entreprise qui compte 130 salari\u00e9s, qui a lev\u00e9 17 millions d&rsquo;euros et qui refuse de r\u00e9v\u00e9ler son chiffre d&rsquo;affaires et son r\u00e9sultat, pendant que le candidat parle de \u00ab\u00a0transparence\u00a0\u00bb \u00e0 longueur d&rsquo;interventions.\u00a0<\/p>\n<p>ROMAIN GENTIL UTILISE LES JEUNES COMME VACHES \u00c0 LAIT<\/p>\n<p style=\"text-align: justify;\">Mais surtout, <a href=\"https:\/\/grenoble-le-changement.fr\/2025\/10\/24\/romain-gentil-place-publique-son-activite-mise-en-cause-par-le-postillon\/\" rel=\"nofollow noopener\" target=\"_blank\">c&rsquo;est le mod\u00e8le \u00e9conomique de la soci\u00e9t\u00e9 qui a de quoi interroger<\/a>. L&rsquo;objectif revendiqu\u00e9 de la boite est d&rsquo;aider les \u00e9tudiants et les jeunes \u00e0 percevoir les diff\u00e9rentes aides de toute sorte auxquelles ils peuvent pr\u00e9tendre. Au d\u00e9part, l&rsquo;entreprise se r\u00e9mun\u00e9rait en pr\u00e9levant un % \u00e9normissime des aides totales mais face \u00e0 la bronca soulev\u00e9e par M\u00e9diapart, le syst\u00e8me a chang\u00e9 et Wizbii est maintenant partenaire de banques en ligne chez qui le jeune doit obligatoirement ouvrir un compte pour \u00ab\u00a0d\u00e9pouiller l&rsquo;\u00e9tat\u00a0\u00bb (selon la comm&rsquo; que fait l&rsquo;entreprise pour app\u00e2ter les clients sur les r\u00e9seaux sociaux !).\u00a0<\/p>\n<p><a href=\"https:\/\/grenoble-le-changement.fr\/wp-content\/uploads\/2025\/10\/romain-gentil-le-postillon.png\" rel=\"lightbox[86051] nofollow noopener\" target=\"_blank\"><img loading=\"lazy\" decoding=\"async\" class=\" wp-image-85662 jetpack-lazy-image\" src=\"https:\/\/grenoble-le-changement.fr\/wp-content\/uploads\/2025\/10\/romain-gentil-le-postillon-277x300.png\" alt=\"\" width=\"523\" height=\"566\" data-lazy-src=\"https:\/\/www.europesays.com\/fr\/wp-content\/uploads\/2025\/11\/romain-gentil-le-postillon-277x300.png\" \/><\/a>Romain Gentil \u00e9trill\u00e9 par Le Postillon<br \/>\nDR ROMAIN CANDIDAT MORALISATEUR \/ MISTER GENTIL PATRON CYNIQUE\u00a0<\/p>\n<p style=\"text-align: justify;\">Le patron Romain Gentil qui se gave cyniquement sur le dos d&rsquo;\u00e9tudiants est donc assez \u00e9loign\u00e9 du Romain Gentil candidat petites fleurs qui parle \u00e0 Eve Moulinier \u00ab\u00a0d&rsquo;aventure humaine\u00a0\u00bb, qui critique chez les autres des \u00ab\u00a0d\u00e9cisions anti-sociales\u00a0\u00bb, qui n&rsquo;est jamais le dernier \u00e0 donner des le\u00e7ons d&rsquo;\u00e9thique. Pascal Clouaire (ex adjoint Piolliste) et tout une partie du \u00ab\u00a0camp de base citoyen\u00a0\u00bb (groupe qui \u00e9tait associ\u00e9e au groupe FACES pour construire le collectif \u00ab\u00a0Grenoble Capitale Citoyenne\u00a0\u00bb dont Romain Gentil est d\u00e9sormais candidat) ont d&rsquo;ailleurs <a href=\"https:\/\/grenoble-le-changement.fr\/2025\/08\/27\/verts-lfi-place-publique-divorces-en-serie-pour-les-gauches-a-grenoble\/\" rel=\"nofollow noopener\" target=\"_blank\">violemment rompu avec Romain Gentil<\/a> en pointant ses contradictions alors que \u00ab\u00a0GCC\u00a0\u00bb reposait \u00e0 l&rsquo;origine sur le duo Gentil\/Clouaire.\u00a0<\/p>\n<p>\u00ab\u00a0UN TRADER PLUT\u00d4T QU&rsquo;UN MILITANT\u00a0\u00bb ET PR\u00caT \u00c0 SE VENDRE \u00c0 LFI ?<\/p>\n<p style=\"text-align: justify;\">Avec Gilles Escala (aussi du \u00ab\u00a0camp de base\u00a0\u00bb), ils n&rsquo;y vont pas de main morte sur le personnage suite aux r\u00e9v\u00e9lations sur son activit\u00e9 : \u00ab \u00e7a parle de l\u2019\u00e9thique de la personne. Nous qui l\u2019avons c\u00f4toy\u00e9, on n\u2019est pas surpris. On avait l\u2019impression d\u2019avoir face \u00e0 nous un golden boy, un trader, plut\u00f4t qu\u2019un militant issu de la soci\u00e9t\u00e9 civile \u00bb (<a target=\"_blank\" href=\"https:\/\/www.placegrenet.fr\/2025\/11\/01\/grenoble-pascal-clouaire-croit-toujours-en-la-dynamique-du-camp-de-base-citoyen-et-tacle-les-traitres\/663391\" rel=\"nofollow noopener\">Place Gre&rsquo;net<\/a>). Ils lui reprochent aussi d&rsquo;avoir mis le collectif cens\u00e9 \u00eatre citoyen au service d&rsquo;un parti politique (Place Publique), tout en relevant le manque de clart\u00e9 de Gentil vis-\u00e0-vis d&rsquo;une \u00e9ventuelle alliance avec La France Insoumise.\u00a0<\/p>\n<p>PLACE PUBLIQUE GRENOBLE SE LAISSE LA POSSIBILIT\u00c9 DE FINIR AVEC LFI<\/p>\n<p style=\"text-align: justify;\">Alors que Rapha\u00ebl Glucksmann, le pr\u00e9sident de Place Publique qui fait son beurre politique sur le refus de toute alliance avec LFI, doit venir en meeting dans les prochains jours \u00e0 Grenoble soutenir Romain Gentil, ce dernier refuse de trancher : \u00ab\u00a0nous, on refuse aujourd\u2019hui, alors que les \u00e9lections municipales auront lieu en mars 2026, de sp\u00e9culer sur d\u2019\u00e9ventuelles alliances du second tour. Les \u201cjamais\u201d en politique, c\u2019est toujours risqu\u00e9\u00a0\u00bb.<\/p>\n<p><a href=\"https:\/\/grenoble-le-changement.fr\/wp-content\/uploads\/2025\/09\/gentil-glucksmann-grenoble.png\" rel=\"lightbox[86051] nofollow noopener\" target=\"_blank\"><img loading=\"lazy\" decoding=\"async\" class=\" wp-image-84613 jetpack-lazy-image\" src=\"https:\/\/grenoble-le-changement.fr\/wp-content\/uploads\/2025\/09\/gentil-glucksmann-grenoble-300x216.png\" alt=\"\" width=\"574\" height=\"413\" data-lazy-src=\"https:\/\/www.europesays.com\/fr\/wp-content\/uploads\/2025\/11\/gentil-glucksmann-grenoble-300x216.png\" \/><\/a>En juin dernier, Romain Gentil aux c\u00f4t\u00e9s de Rapha\u00ebl Glucksmann. Que pense ce dernier du flou qu&rsquo;entretient son candidat grenoblois \u00e0 propos de LFI ?<\/p>\n<p style=\"text-align: justify;\">Les militants de Gentil ont beau se contorsionner sur les r\u00e9seaux pour tenter de faire croire que leur positionnement est clair alors que rien ne l&rsquo;est, celui-ci n&rsquo;a toujours <a href=\"https:\/\/grenoble-le-changement.fr\/2025\/09\/11\/a-grenoble-place-publique-pret-a-sallier-a-la-france-insoumise\/\" rel=\"nofollow noopener\" target=\"_blank\">pas eu d&rsquo;expression pour clarifier et refuser nettement une alliance avec LFI<\/a>. On retrouve un candidat aussi cynique que le patron, qui profite d&rsquo;un parti national mais se laisse une porte au niveau local pour se vendre au second tour si besoin.<\/p>\n<p>L&rsquo;\u00c8RE DU VIDE ET DE LA D\u00c9PENSE PLEIN POT<\/p>\n<p style=\"text-align: justify;\">L&rsquo;autre caract\u00e9ristique de Romain Gentil, qui transpire \u00e0 travers <a target=\"_blank\" href=\"https:\/\/c.ledauphine.com\/elections\/2025\/11\/09\/romain-gentil-a-son-local-de-campagne-de-l-energie-et-surtout-l-envie-d-etre-maire\" rel=\"nofollow noopener\">ses premi\u00e8res propositions<\/a>, c&rsquo;est qu&rsquo;\u00e0 l&rsquo;instar de la candidate verte Laurence Ruffin il tente de passer entre les gouttes en \u00e9tant sur des id\u00e9es g\u00e9n\u00e9ralistes, convenues, mais aussi purement th\u00e9oriques et fantasm\u00e9es car elle entraineraient des d\u00e9penses que nous ne pouvons nous permettre.<\/p>\n<p style=\"text-align: justify;\">Il propose ainsi de cr\u00e9er un centre de sant\u00e9 par secteur (comme si la ville exsangue avait les moyens de ces dizaines \/ centaines de millions), la gratuit\u00e9 de la cantine (co\u00fbt : 4,5 \u00e0 7 millions par an), une \u00ab\u00a0halle alimentaire au c\u0153ur du centre-ville\u00a0\u00bb (pourquoi d\u00e9penser encore alors qu&rsquo;il y a les Halles Sainte-Claire ?), des \u00ab\u00a0concierges de rue\u00a0\u00bb (pay\u00e9s par la collectivit\u00e9 ?)&#8230;\u00a0<\/p>\n<p>FINANCES : \u00ab\u00a0PAS DU TOUT OPPOS\u00c9 \u00c0 LA HAUSSE D&rsquo;IMP\u00d4TS\u00a0\u00bb<\/p>\n<p style=\"text-align: justify;\">Les finances, justement ? \u00ab\u00a0Il y a eu un d\u00e9rapage complet\u00a0\u00bb estime-t-il \u00e0 juste titre, sauf qu&rsquo;il ne propose absolument rien pour faire des \u00e9conomies, pour changer de trajectoire&#8230; mais pr\u00e9cise qu&rsquo;il n&rsquo;est \u00ab\u00a0pas du tout oppos\u00e9 \u00e0 la hausse des imp\u00f4ts\u00a0\u00bb. C&rsquo;est assez honn\u00eate de sa part car en l&rsquo;absence du <a href=\"https:\/\/grenoble-le-changement.fr\/2025\/10\/10\/crise-financiere-les-propositions-alain-carignon-pour-eviter-la-hausse-dimpots\/\" rel=\"nofollow noopener\" target=\"_blank\">plan d&rsquo;\u00e9conomies qu&rsquo;Alain Carignon est le seul \u00e0 mettre sur la table<\/a>, Romain Gentil (et les autres candidats) n&rsquo;auront que l&rsquo;imp\u00f4t pour, avant m\u00eame de financer leurs propositions, simplement garder la ville \u00e0 flot.<\/p>\n<p><a href=\"https:\/\/grenoble-le-changement.fr\/wp-content\/uploads\/2025\/10\/trajectoire-financire-ville-2024.jpg\" rel=\"lightbox[86051] nofollow noopener\" target=\"_blank\"><img loading=\"lazy\" decoding=\"async\" class=\" wp-image-85344 jetpack-lazy-image\" src=\"https:\/\/grenoble-le-changement.fr\/wp-content\/uploads\/2025\/10\/trajectoire-financire-ville-2024-300x150.jpg\" alt=\"\" width=\"678\" height=\"339\" data-lazy-src=\"https:\/\/www.europesays.com\/fr\/wp-content\/uploads\/2025\/11\/trajectoire-financire-ville-2024-300x150.jpg\" \/><\/a>La trajectoire financi\u00e8re de la ville : dette et d\u00e9penses de fonctionnement malgr\u00e9 la hausse d&rsquo;imp\u00f4ts. Romain Gentil n&rsquo;a rien \u00e0 proposer pour l&rsquo;endiguer<br \/>\nS\u00c9CURIT\u00c9 : ROMAIN GENTIL FAIT L&rsquo;AUTRUCHE<\/p>\n<p style=\"text-align: justify;\">Sur la s\u00e9curit\u00e9 ? \u00ab\u200aNous proposons la cr\u00e9ation de 80 postes suppl\u00e9mentaires de m\u00e9diateurs et de policiers. Je pr\u00e9cise que, contrairement \u00e0 ce que dit\u00a0Alain Carignon, la police municipale est d\u00e9j\u00e0 arm\u00e9e, mais pas d\u2019armes l\u00e9tales\u200a\u00bb. Soit l&rsquo;\u00e9ternelle rengaine laxiste, d\u00e9connect\u00e9e des Verts\/LFi alors qu&rsquo;on voit bien que les \u00ab\u00a0m\u00e9diateurs\u00a0\u00bb sans moyen de coercition et les policiers municipaux avec un pauvre taser ne peuvent rivaliser avec des voyous surarm\u00e9s, et sont oblig\u00e9s <a href=\"https:\/\/grenoble-le-changement.fr\/2024\/10\/22\/insecurite-les-policiers-municipaux-refusent-dintervenir\/\" rel=\"nofollow noopener\" target=\"_blank\">de refuser d&rsquo;intervenir dans des quartiers trop dangereuses pour eux du fait de leur non-armement<\/a>.\u00a0<\/p>\n<p style=\"text-align: justify;\">Sa position est d&rsquo;autant plus ridicule qu&rsquo;il y a un an, il m\u00e9diatisait une lettre pour faire parler de lui, expliquant : \u00ab\u00a0plus que jamais la violence gangr\u00e8ne notre quotidien. La lutte contre l&rsquo;ins\u00e9curit\u00e9 doit \u00eatre une priorit\u00e9 de la Ville de Grenoble. Une autre voie, \u00e0 gauche, est possible\u00a0\u00bb. Son \u00ab\u00a0autre voie\u00a0\u00bb consiste finalement \u00e0 proposer comme les Verts et LFI ! Mais le candidat Place Publique a au moins le m\u00e9rite d&rsquo;avoir identifi\u00e9 clairement le candidat qui propose une vraie politique de s\u00e9curit\u00e9 pour Grenoble et sa police municipale&#8230;<\/p>\n<p>LES CANDIDATS ATTRAPE-TOUT CONDAMN\u00c9S \u00c0 \u00caTRE DES SUPPL\u00c9TIFS<\/p>\n<p style=\"text-align: justify;\">Romain Gentil est finalement le prototype du candidat \u00ab\u00a0attrape-tout\u00a0\u00bb, qui voudrait s\u00e9duire du centre \u00e0 LFI en \u00e9tant sur des postures dites \u00ab\u00a0de gauche\u00a0\u00bb g\u00e9n\u00e9rales pour ne f\u00e2cher personne et tenter, par pur calcul politicien, de coller \u00e0 ce qu&rsquo;il pense \u00eatre la sociologie grenobloise. Loin de ce dont Grenoble a besoin, \u00e0 savoir une rupture franche et assum\u00e9e, port\u00e9e par des propositions pr\u00e9cises et correspondant \u00e0 l&rsquo;\u00e9tat de la ville.\u00a0<\/p>\n<p style=\"text-align: justify;\">Romain Gentil oublie par ailleurs qu&rsquo;\u00e0 essayer de plaire \u00e0 tout le monde on finit en g\u00e9n\u00e9ral par ne convaincre personne. Son score dans le sondage paru fin septembre (9%) confirme d&rsquo;ailleurs qu&rsquo;il ne pourra que jouer un r\u00f4le de suppl\u00e9tif dans ces \u00e9lections. Mais de qui ?<\/p>\n","protected":false},"excerpt":{"rendered":"Posted On 11 novembre 2025 Romain Gentil (apparent\u00e9 PS, puis Place Publique) passe la deuxi\u00e8me pour les \u00e9lections&hellip;\n","protected":false},"author":2,"featured_media":526676,"comment_status":"","ping_status":"","sticky":false,"template":"","format":"standard","meta":{"footnotes":""},"categories":[9566],"tags":[1111,11,9601,2430,9607,1777,674,10608,1011,27,64599,2731,10136,12,9609,15923,25,14009],"class_list":{"0":"post-526675","1":"post","2":"type-post","3":"status-publish","4":"format-standard","5":"has-post-thumbnail","7":"category-grenoble","8":"tag-actu","9":"tag-actualites","10":"tag-alain-carignon","11":"tag-auvergne-rhone-alpes","12":"tag-eric-piolle","13":"tag-eu","14":"tag-europe","15":"tag-eve-moulinier","16":"tag-fr","17":"tag-france","18":"tag-gilles-escala","19":"tag-grenoble","20":"tag-laurence-ruffin","21":"tag-news","22":"tag-pascal-clouaire","23":"tag-raphael-glucksmann","24":"tag-republique-francaise","25":"tag-romain-gentil"},"share_on_mastodon":{"url":"https:\/\/pubeurope.com\/@fr\/115529953109518765","error":""},"_links":{"self":[{"href":"https:\/\/www.europesays.com\/fr\/wp-json\/wp\/v2\/posts\/526675","targetHints":{"allow":["GET"]}}],"collection":[{"href":"https:\/\/www.europesays.com\/fr\/wp-json\/wp\/v2\/posts"}],"about":[{"href":"https:\/\/www.europesays.com\/fr\/wp-json\/wp\/v2\/types\/post"}],"author":[{"embeddable":true,"href":"https:\/\/www.europesays.com\/fr\/wp-json\/wp\/v2\/users\/2"}],"replies":[{"embeddable":true,"href":"https:\/\/www.europesays.com\/fr\/wp-json\/wp\/v2\/comments?post=526675"}],"version-history":[{"count":0,"href":"https:\/\/www.europesays.com\/fr\/wp-json\/wp\/v2\/posts\/526675\/revisions"}],"wp:featuredmedia":[{"embeddable":true,"href":"https:\/\/www.europesays.com\/fr\/wp-json\/wp\/v2\/media\/526676"}],"wp:attachment":[{"href":"https:\/\/www.europesays.com\/fr\/wp-json\/wp\/v2\/media?parent=526675"}],"wp:term":[{"taxonomy":"category","embeddable":true,"href":"https:\/\/www.europesays.com\/fr\/wp-json\/wp\/v2\/categories?post=526675"},{"taxonomy":"post_tag","embeddable":true,"href":"https:\/\/www.europesays.com\/fr\/wp-json\/wp\/v2\/tags?post=526675"}],"curies":[{"name":"wp","href":"https:\/\/api.w.org\/{rel}","templated":true}]}}