{"id":526685,"date":"2025-11-11T07:49:12","date_gmt":"2025-11-11T07:49:12","guid":{"rendered":"https:\/\/www.europesays.com\/fr\/526685\/"},"modified":"2025-11-11T07:49:12","modified_gmt":"2025-11-11T07:49:12","slug":"nice-cette-gare-emblematique-de-la-ville-va-disparaitre-voici-ce-qui-est-prevu-a-la-place","status":"publish","type":"post","link":"https:\/\/www.europesays.com\/fr\/526685\/","title":{"rendered":"Nice. Cette gare embl\u00e9matique de la ville va dispara\u00eetre, voici ce qui est pr\u00e9vu \u00e0 la place"},"content":{"rendered":"<p>            Par<br \/>\n        <strong><br \/>\n            <a href=\"https:\/\/actu.fr\/auteur\/arthur-frand\" title=\"Consulter tous les articles de Arthur Frand\" rel=\"nofollow noopener\" target=\"_blank\">Arthur Frand<\/a><br \/>\n        <\/strong><\/p>\n<p>        Publi\u00e9 le<\/p>\n<p>            11 nov. 2025 \u00e0 8h14        <\/p>\n<p>Du changement \u00e0 venir dans ce quartier. La gare de la Madeleine \u00e0 <a href=\"https:\/\/actu.fr\/nice\/\" rel=\"nofollow noopener\" target=\"_blank\">Nice<\/a> dans les <a href=\"https:\/\/actu.fr\/provence-alpes-cote-d-azur\/alpes-maritimes_06\" rel=\"nofollow noopener\" target=\"_blank\">Alpes-Maritimes<\/a> ne sera bient\u00f4t plus. Dans sa forme historique. Depuis plusieurs mois, cette gare, situ\u00e9e au nord-ouest de la ville, est <strong>laiss\u00e9e \u00e0 l\u2019abandon<\/strong>. Elle reste desservie par les trains des Chemins de fer de Provence, entre Nice et Dignes-les-Bains (Ligne Zou n\u00b049) mais son b\u00e2timent est <strong>inoccup\u00e9<\/strong> depuis fin 2024. Face \u00e0 cette situation, la R\u00e9gion s\u2019est saisie du dossier et a \u00ab\u2009engag\u00e9 une r\u00e9flexion\u2009\u00bb sur le devenir cet \u00e9quipement embl\u00e9matique de la ville. Voici ce que l\u2019on sait.<\/p>\n<p>Squats et intrusions r\u00e9p\u00e9t\u00e9es<\/p>\n<p class=\" wall-content\">Ce sont des habitants du quartier qui ont <strong>alert\u00e9 sur le sujet<\/strong>. \u00ab\u2009Nous avons fait remonter des probl\u00e9matiques de squats et de mauvaises fr\u00e9quentations au niveau du territoire\u2009\u00bb, livre Ga\u00ebl Nofri, pr\u00e9sident de R\u00e9gie Lignes d\u2019Azur.<\/p>\n<p>    <a href=\"https:\/\/www.google.com\/maps\/embed?pb=!1m18!1m12!1m3!1d11536.405477063143!2d7.2319454!3d43.7084424!2m3!1f0!2f0!3f0!3m2!1i1024!2i768!4f13.1!3m3!1m2!1s0x12cdd02f092d1ddb%3A0xf4816f281fb94226!2sLa%20Madeleine!5e0!3m2!1sfr!2sfr!4v1762786117869!5m2!1sfr!2sfr\" title=\"Ouvrie le lien\" rel=\"nofollow noopener\" target=\"_blank\">Cliquez ici pour visualiser le contenu<\/a><\/p>\n<p class=\" wall-content\">Canettes, bouteilles d\u2019alcool, bonbonnes de gaz hilarant\u2026 Des tas de d\u00e9chets jonchaient le sol cette gare, qui \u00e9tait r\u00e9guli\u00e8rement squatt\u00e9e une ou plusieurs nuits depuis le d\u00e9part du dernier locataire avant l\u2019\u00e9t\u00e9 2025. Il \u00e9tait donc temps d\u2019intervenir.<\/p>\n<blockquote class=\"ac-article-quote wall-content\">\n<p>Le site a \u00e9t\u00e9 rapidement s\u00e9curis\u00e9 pour \u00e9viter tout risque de d\u00e9gradation. Malgr\u00e9 cela, des intrusions ont \u00e9t\u00e9 constat\u00e9es. Au d\u00e9but du mois d\u2019ao\u00fbt, les parpaings fermant son entr\u00e9e (de la gare) ont m\u00eame \u00e9t\u00e9 cass\u00e9s.<\/p>\n<p>    <strong>La R\u00e9gion Paca<\/strong><br \/>\n        Propri\u00e9taire de la gare de la Madeleine    <\/p><\/blockquote>\n<p class=\" wall-content\">La R\u00e9gion a d\u00e9pos\u00e9 plainte et affirme avoir <strong>renforc\u00e9 ses dispositifs de protection<\/strong>, demandant l\u2019installation d\u2019une plaque d\u2019acier pour \u00e9viter un squat durable.<\/p>\n<p>\u00ab\u2009La gare sera d\u00e9molie\u2009\u00bb<\/p>\n<p class=\" wall-content\">Mais alors, que va devenir la gare de la Madeleine\u2009? <strong>Le b\u00e2timent sera en tout cas d\u00e9truit<\/strong>. \u00ab\u2009Nous avons obtenu le fait que la gare soit d\u00e9molie\u2009\u00bb, affirme Ga\u00ebl Nofri, pr\u00e9sident de R\u00e9gie Lignes d\u2019Azur \u00e0 <a href=\"https:\/\/actu.fr\/nice\/\" rel=\"nofollow noopener\" target=\"_blank\">actu Nice<\/a>.<\/p>\n<p>Votre r\u00e9gion, votre actu !<\/p>\n<p>Recevez chaque jour les infos qui comptent pour vous.<\/p>\n<p>\t<a href=\"https:\/\/actu.fr\/newsletter\" class=\"ac-btn ac-btn--corner ac-btn--medium ac-btn--blue800\" rel=\"nofollow noopener\" target=\"_blank\">S&rsquo;incrire<\/a><\/p>\n<p class=\" wall-content\">La R\u00e9gion Sud souhaite moderniser et reconfigurer le site, afin d\u2019en faire un v\u00e9ritable <strong>p\u00f4le d\u2019\u00e9changes multimodal<\/strong>, plus pratique et mieux adapt\u00e9 aux besoins des voyageurs, esquisse-t-elle.<\/p>\n<p>Quelques places de parking gratuites ensuite\u2009?<\/p>\n<p class=\" wall-content\">Des places de parking \u00e0 destination des r\u00e9sidents pourraient \u00eatre cr\u00e9\u00e9es ensuite sur une petite centaine de m\u00e8tres. \u00ab\u2009Nous souhaitons que ce foncier soit consacr\u00e9 \u00e0 <strong>quelques places de parking<\/strong>, gratuites et en rotation pour permettre l\u2019usage des Chemins de fers de Provence pour les habitants du Collinaire et de la Corniche de Magnan\u2009\u00bb, explique Ga\u00ebl Nofri, pr\u00e9sident de R\u00e9gie Lignes d\u2019Azur et adjoint de territoire des collines. Ce dernier rappelle que cette gare \u00ab\u2009ne correspond plus \u00e0 ce qu\u2019on pourrait attendre, ni en termes de s\u00e9curit\u00e9, ni de fiabilit\u00e9.\u2009\u00bb<\/p>\n<p class=\" wall-content\">La gare de la Madeleine restera bien <strong>sur la carte ferroviaire<\/strong> avec la pr\u00e9sence d\u2019un abri de bus pour voyageurs.\u00a0Les places de parking, elles, devraient \u00eatre gratuites. Elles viendront <strong>renforcer la mobilit\u00e9<\/strong> des gens habitant les collines, qui souhaitent se rendre en ville en laissant leurs v\u00e9hicules \u00e0 c\u00f4t\u00e9, esp\u00e8re Ga\u00ebl Nofri.<\/p>\n<p class=\" wall-content\">Pour l\u2019instant, le dossier, port\u00e9 par la R\u00e9gion, est \u00e0 l\u2019arr\u00eat. Celle-ci lancera les proc\u00e9dures une fois l\u2019intervention du diagnostiqueur d\u2019amiante comme \u00e9voqu\u00e9 par Nice-Matin. Le calendrier des travaux n\u2019est pas encore \u00e9tabli.<\/p>\n<p class=\" wall-content\">Personnalisez votre actualit\u00e9 en ajoutant vos villes et m\u00e9dias en favori avec <a href=\"https:\/\/moncompte.actu.fr\" title=\"D\u00e9couvez Mon Actu\" rel=\"nofollow noopener\" data-trk=\"{&quot;cta&quot;:{&quot;action&quot;:&quot;https:\\\/\\\/moncompte.actu.fr&quot;,&quot;category&quot;:&quot;mon compte&quot;,&quot;from&quot;:&quot;article footer&quot;,&quot;name&quot;:&quot;Mon actu&quot;,&quot;type&quot;:&quot;cta&quot;}}\" target=\"_blank\">Mon Actu<\/a>.<\/p>\n","protected":false},"excerpt":{"rendered":"Par Arthur Frand Publi\u00e9 le 11 nov. 2025 \u00e0 8h14 Du changement \u00e0 venir dans ce quartier. La&hellip;\n","protected":false},"author":2,"featured_media":526686,"comment_status":"","ping_status":"","sticky":false,"template":"","format":"standard","meta":{"footnotes":""},"categories":[2819],"tags":[1111,11,646,1777,674,1011,27,12,2401,882,25,2215,104,2086],"class_list":{"0":"post-526685","1":"post","2":"type-post","3":"status-publish","4":"format-standard","5":"has-post-thumbnail","7":"category-nice","8":"tag-actu","9":"tag-actualites","10":"tag-automobile","11":"tag-eu","12":"tag-europe","13":"tag-fr","14":"tag-france","15":"tag-news","16":"tag-nice","17":"tag-provence-alpes-cote-dazur","18":"tag-republique-francaise","19":"tag-sncf","20":"tag-societe","21":"tag-travaux"},"share_on_mastodon":{"url":"https:\/\/pubeurope.com\/@fr\/115529971472490002","error":""},"_links":{"self":[{"href":"https:\/\/www.europesays.com\/fr\/wp-json\/wp\/v2\/posts\/526685","targetHints":{"allow":["GET"]}}],"collection":[{"href":"https:\/\/www.europesays.com\/fr\/wp-json\/wp\/v2\/posts"}],"about":[{"href":"https:\/\/www.europesays.com\/fr\/wp-json\/wp\/v2\/types\/post"}],"author":[{"embeddable":true,"href":"https:\/\/www.europesays.com\/fr\/wp-json\/wp\/v2\/users\/2"}],"replies":[{"embeddable":true,"href":"https:\/\/www.europesays.com\/fr\/wp-json\/wp\/v2\/comments?post=526685"}],"version-history":[{"count":0,"href":"https:\/\/www.europesays.com\/fr\/wp-json\/wp\/v2\/posts\/526685\/revisions"}],"wp:featuredmedia":[{"embeddable":true,"href":"https:\/\/www.europesays.com\/fr\/wp-json\/wp\/v2\/media\/526686"}],"wp:attachment":[{"href":"https:\/\/www.europesays.com\/fr\/wp-json\/wp\/v2\/media?parent=526685"}],"wp:term":[{"taxonomy":"category","embeddable":true,"href":"https:\/\/www.europesays.com\/fr\/wp-json\/wp\/v2\/categories?post=526685"},{"taxonomy":"post_tag","embeddable":true,"href":"https:\/\/www.europesays.com\/fr\/wp-json\/wp\/v2\/tags?post=526685"}],"curies":[{"name":"wp","href":"https:\/\/api.w.org\/{rel}","templated":true}]}}