{"id":526689,"date":"2025-11-11T07:51:24","date_gmt":"2025-11-11T07:51:24","guid":{"rendered":"https:\/\/www.europesays.com\/fr\/526689\/"},"modified":"2025-11-11T07:51:24","modified_gmt":"2025-11-11T07:51:24","slug":"la-chapelle-sur-erdre-un-glanage-solidaire-a-la-ferme-fruitiere-de-la-hautiere","status":"publish","type":"post","link":"https:\/\/www.europesays.com\/fr\/526689\/","title":{"rendered":"La Chapelle-sur-Erdre. Un glanage solidaire \u00e0 la ferme fruiti\u00e8re de la Hauti\u00e8re"},"content":{"rendered":"<p>Mercredi, \u00e0 l\u2019initiative de l\u2019association Solidarit\u00e9s migrants, une op\u00e9ration de glanage, qui consiste \u00e0 r\u00e9cup\u00e9rer des l\u00e9gumes ou des fruits laiss\u00e9s dans le champ apr\u00e8s la r\u00e9colte ou la cueillette \u2013 donc vou\u00e9s \u00e0 la perte \u2013, s\u2019est d\u00e9roul\u00e9e au sein de la ferme fruiti\u00e8re de la Hauti\u00e8re, en accord avec les responsables de l\u2019exploitation agricole.<\/p>\n<p>C\u2019est ainsi qu\u2019un groupe d\u2019une dizaine de personnes, m\u00ealant b\u00e9n\u00e9voles et migrants accompagn\u00e9s, s\u2019est retrouv\u00e9 dans les rangs du champ de la ferme, mercredi.\u00a0Les patates douces oubli\u00e9es par la machine ont permis de remplir rapidement plusieurs cageots. Les plus jeunes se sont particuli\u00e8rement investis dans le transport des caisses pleines jusqu\u2019au bout du champ, sous les encouragements des plus \u00e2g\u00e9s.<\/p>\n<p>La r\u00e9colte cons\u00e9quente sera partag\u00e9e entre les personnes migrantes accueillies dans la commune et l\u2019antenne locale des Restos du c\u0153ur.<\/p>\n<p>\u00a0<\/p>\n","protected":false},"excerpt":{"rendered":"Mercredi, \u00e0 l\u2019initiative de l\u2019association Solidarit\u00e9s migrants, une op\u00e9ration de glanage, qui consiste \u00e0 r\u00e9cup\u00e9rer des l\u00e9gumes ou&hellip;\n","protected":false},"author":2,"featured_media":526690,"comment_status":"","ping_status":"","sticky":false,"template":"","format":"standard","meta":{"footnotes":""},"categories":[2818],"tags":[1111,11,10770,1777,674,9095,1011,27,64602,64601,64603,766,12,2636,25,3272,12280],"class_list":{"0":"post-526689","1":"post","2":"type-post","3":"status-publish","4":"format-standard","5":"has-post-thumbnail","7":"category-nantes","8":"tag-actu","9":"tag-actualites","10":"tag-chapelle-sur-erdre","11":"tag-eu","12":"tag-europe","13":"tag-ferme","14":"tag-fr","15":"tag-france","16":"tag-fruitiere","17":"tag-glanage","18":"tag-hautiere","19":"tag-nantes","20":"tag-news","21":"tag-pays-de-la-loire","22":"tag-republique-francaise","23":"tag-saint-nazaire","24":"tag-solidaire"},"share_on_mastodon":{"url":"https:\/\/pubeurope.com\/@fr\/115529980102728768","error":""},"_links":{"self":[{"href":"https:\/\/www.europesays.com\/fr\/wp-json\/wp\/v2\/posts\/526689","targetHints":{"allow":["GET"]}}],"collection":[{"href":"https:\/\/www.europesays.com\/fr\/wp-json\/wp\/v2\/posts"}],"about":[{"href":"https:\/\/www.europesays.com\/fr\/wp-json\/wp\/v2\/types\/post"}],"author":[{"embeddable":true,"href":"https:\/\/www.europesays.com\/fr\/wp-json\/wp\/v2\/users\/2"}],"replies":[{"embeddable":true,"href":"https:\/\/www.europesays.com\/fr\/wp-json\/wp\/v2\/comments?post=526689"}],"version-history":[{"count":0,"href":"https:\/\/www.europesays.com\/fr\/wp-json\/wp\/v2\/posts\/526689\/revisions"}],"wp:featuredmedia":[{"embeddable":true,"href":"https:\/\/www.europesays.com\/fr\/wp-json\/wp\/v2\/media\/526690"}],"wp:attachment":[{"href":"https:\/\/www.europesays.com\/fr\/wp-json\/wp\/v2\/media?parent=526689"}],"wp:term":[{"taxonomy":"category","embeddable":true,"href":"https:\/\/www.europesays.com\/fr\/wp-json\/wp\/v2\/categories?post=526689"},{"taxonomy":"post_tag","embeddable":true,"href":"https:\/\/www.europesays.com\/fr\/wp-json\/wp\/v2\/tags?post=526689"}],"curies":[{"name":"wp","href":"https:\/\/api.w.org\/{rel}","templated":true}]}}