{"id":526701,"date":"2025-11-11T07:57:13","date_gmt":"2025-11-11T07:57:13","guid":{"rendered":"https:\/\/www.europesays.com\/fr\/526701\/"},"modified":"2025-11-11T07:57:13","modified_gmt":"2025-11-11T07:57:13","slug":"vieux-lille-pendant-3-jours-denichez-un-objet-unique-concu-a-partir-de-materiaux-recuperes","status":"publish","type":"post","link":"https:\/\/www.europesays.com\/fr\/526701\/","title":{"rendered":"Vieux-Lille. Pendant 3 jours, d\u00e9nichez un objet unique con\u00e7u \u00e0 partir de mat\u00e9riaux r\u00e9cup\u00e9r\u00e9s"},"content":{"rendered":"<p>            Par<br \/>\n        <strong><br \/>\n            <a href=\"https:\/\/actu.fr\/auteur\/margot-nicodeme\" title=\"Consulter tous les articles de Margot Nicod\u00e8me\" target=\"_blank\" rel=\"noopener\">Margot Nicod\u00e8me<\/a><br \/>\n        <\/strong><\/p>\n<p>        Publi\u00e9 le<\/p>\n<p>            11 nov. 2025 \u00e0 7h44        <\/p>\n<p>Faites de votre int\u00e9rieur un temple que vous ne verrez nulle part ailleurs ! <b>Une expo-vente, en place pendant trois jours<\/b> dans le Vieux-<a href=\"https:\/\/actu.fr\/hauts-de-france\/lille_59350\" target=\"_blank\" rel=\"noopener\">Lille<\/a> (Nord) devrait vous aider dans votre qu\u00eate d\u2019originalit\u00e9. Elle rassemblera <b>des objets uniques<\/b>, con\u00e7us par des architectes et artistes des Hauts-de-France, \u00e0 partir de mat\u00e9riaux r\u00e9cup\u00e9r\u00e9s. \u00a0L\u2019\u00e9v\u00e9nement, baptis\u00e9 <a href=\"https:\/\/www.instagram.com\/out_of_bin.upcycling\/\" target=\"_blank\" rel=\"noopener\">\u00ab\u00a0Out of bin #3\u00a0\u00bb<\/a> a m\u00eame un pendant solidaire.<\/p>\n<p>Une table, des cintres, un range-couverts\u2026 con\u00e7us par des artistes et architectes des Hauts-de-France<\/p>\n<p class=\" wall-content\">Rendez-vous les vendredi 14, samedi 15 et dimanche 16 novembre chez Canopy, rue N\u00e9grier. Cette 3e \u00e9dition de \u00ab\u00a0Out of bin\u00a0\u00bb sera marqu\u00e9e par <b>la vente de pi\u00e8ces toujours plus surprenantes<\/b> \u2013 une table, des cintres, un range-couverts\u2026 \u2013 et fonci\u00e8rement \u00e9cologiques. En effet, elles sont n\u00e9es sur r\u00e9emploi de<b> <a href=\"https:\/\/actu.fr\/hauts-de-france\/lille_59350\/lille-acquerez-un-objet-design-concu-a-partir-de-materiaux-recuperes-lors-dune-expo-vente_61908634.html\" target=\"_blank\" rel=\"noopener\">panneaux de fa\u00e7ades<\/a><\/b> !<\/p>\n<p class=\" wall-content\">L\u2019expo-vente mettra aussi en lumi\u00e8re le travail de trois artistes locaux, cette fois Audrey Keller (sp\u00e9cialis\u00e9e dans la gravure et la broderie), Emmanuel Dykoka et Michael Aubanel. Voici un aper\u00e7u de leurs talents :<\/p>\n<p class=\" wall-content\"><a href=\"https:\/\/www.instagram.com\/p\/DL4cUcjML5Y\/embed\" title=\"Ouvrir le lien sur Instagram\" target=\"_blank\" rel=\"noopener\">Visualiser le contenu sur Instagram<\/a><\/p>\n<p class=\" wall-content\"><a href=\"https:\/\/www.instagram.com\/p\/DMfBB68MrCg\/embed\" title=\"Ouvrir le lien sur Instagram\" target=\"_blank\" rel=\"noopener\">Visualiser le contenu sur Instagram<\/a><\/p>\n<p class=\" wall-content\"><a href=\"https:\/\/www.instagram.com\/p\/DQruDQ0CKK1\/embed\" title=\"Ouvrir le lien sur Instagram\" target=\"_blank\" rel=\"noopener\">Visualiser le contenu sur Instagram<\/a><\/p>\n<p class=\" wall-content\">Les organisateurs Laur\u00e8ne Delloue et Thomas Joncquez sont attach\u00e9s \u00e0 l\u2019aspect solidaire du rendez-vous : une partie des b\u00e9n\u00e9fices des ventes sera revers\u00e9e au <a href=\"https:\/\/actu.fr\/hauts-de-france\/lille_59350\/lutte-contre-les-cancers-lhopital-oscar-lambret-de-lille-va-sagrandir_61926680.html\" target=\"_blank\" rel=\"noopener\">Centre Oscar-Lambret<\/a>, pour soutenir la recherche contre le cancer.<\/p>\n<p class=\" wall-content\">Une belle opportunit\u00e9 de se d\u00e9marquer !<\/p>\n<p>\u00ab\u00a0Out of bin #3\u00a0\u00bb chez Canopy, 46, rue N\u00e9grier \u00e0 Lille. Vendredi 14 novembre d\u00e8s 18h, samedi 15 et dimanche 16 de 11h \u00e0 19h. Plus d\u2019infos \u00e0 <a href=\"https:\/\/actu.fr\/cdn-cgi\/l\/email-protection\" class=\"__cf_email__\" data-cfemail=\"41222e2f35202235012e34352e2723282f6f222e2c\" target=\"_blank\" rel=\"noopener\">[email\u00a0protected]<\/a> et sur la page <a href=\"https:\/\/www.instagram.com\/out_of_bin.upcycling\/\" target=\"_blank\" rel=\"noopener\">Instagram<\/a>.<\/p>\n<p class=\" wall-content\">Personnalisez votre actualit\u00e9 en ajoutant vos villes et m\u00e9dias en favori avec <a href=\"https:\/\/moncompte.actu.fr\" title=\"D\u00e9couvez Mon Actu\" rel=\"nofollow noopener\" data-trk=\"{&quot;cta&quot;:{&quot;action&quot;:&quot;https:\\\/\\\/moncompte.actu.fr&quot;,&quot;category&quot;:&quot;mon compte&quot;,&quot;from&quot;:&quot;article footer&quot;,&quot;name&quot;:&quot;Mon actu&quot;,&quot;type&quot;:&quot;cta&quot;}}\" target=\"_blank\">Mon Actu<\/a>.<\/p>\n<p>                    <script async src=\"\/\/www.instagram.com\/embed.js\"><\/script><\/p>\n","protected":false},"excerpt":{"rendered":"Par Margot Nicod\u00e8me Publi\u00e9 le 11 nov. 2025 \u00e0 7h44 Faites de votre int\u00e9rieur un temple que vous&hellip;\n","protected":false},"author":2,"featured_media":526702,"comment_status":"","ping_status":"","sticky":false,"template":"","format":"standard","meta":{"footnotes":""},"categories":[2815],"tags":[1111,11,1477,1777,674,1011,27,811,1307,1652,12,3887,25],"class_list":{"0":"post-526701","1":"post","2":"type-post","3":"status-publish","4":"format-standard","5":"has-post-thumbnail","7":"category-lille","8":"tag-actu","9":"tag-actualites","10":"tag-artisanat","11":"tag-eu","12":"tag-europe","13":"tag-fr","14":"tag-france","15":"tag-hauts-de-france","16":"tag-lille","17":"tag-loisirs-culture","18":"tag-news","19":"tag-recyclage","20":"tag-republique-francaise"},"share_on_mastodon":{"url":"https:\/\/pubeurope.com\/@fr\/115530002946227994","error":""},"_links":{"self":[{"href":"https:\/\/www.europesays.com\/fr\/wp-json\/wp\/v2\/posts\/526701","targetHints":{"allow":["GET"]}}],"collection":[{"href":"https:\/\/www.europesays.com\/fr\/wp-json\/wp\/v2\/posts"}],"about":[{"href":"https:\/\/www.europesays.com\/fr\/wp-json\/wp\/v2\/types\/post"}],"author":[{"embeddable":true,"href":"https:\/\/www.europesays.com\/fr\/wp-json\/wp\/v2\/users\/2"}],"replies":[{"embeddable":true,"href":"https:\/\/www.europesays.com\/fr\/wp-json\/wp\/v2\/comments?post=526701"}],"version-history":[{"count":0,"href":"https:\/\/www.europesays.com\/fr\/wp-json\/wp\/v2\/posts\/526701\/revisions"}],"wp:featuredmedia":[{"embeddable":true,"href":"https:\/\/www.europesays.com\/fr\/wp-json\/wp\/v2\/media\/526702"}],"wp:attachment":[{"href":"https:\/\/www.europesays.com\/fr\/wp-json\/wp\/v2\/media?parent=526701"}],"wp:term":[{"taxonomy":"category","embeddable":true,"href":"https:\/\/www.europesays.com\/fr\/wp-json\/wp\/v2\/categories?post=526701"},{"taxonomy":"post_tag","embeddable":true,"href":"https:\/\/www.europesays.com\/fr\/wp-json\/wp\/v2\/tags?post=526701"}],"curies":[{"name":"wp","href":"https:\/\/api.w.org\/{rel}","templated":true}]}}