{"id":526711,"date":"2025-11-11T08:02:22","date_gmt":"2025-11-11T08:02:22","guid":{"rendered":"https:\/\/www.europesays.com\/fr\/526711\/"},"modified":"2025-11-11T08:02:22","modified_gmt":"2025-11-11T08:02:22","slug":"lyon-apres-la-rue-bugeaud-les-ecologistes-veulent-faire-sauter-la-passerelle-du-college","status":"publish","type":"post","link":"https:\/\/www.europesays.com\/fr\/526711\/","title":{"rendered":"Lyon. Apr\u00e8s la rue Bugeaud, les \u00e9cologistes veulent faire sauter la Passerelle du Coll\u00e8ge &#8211;"},"content":{"rendered":"<p>\t\t\t\t<img fetchpriority=\"high\" decoding=\"async\" width=\"900\" height=\"611\" src=\"https:\/\/www.europesays.com\/fr\/wp-content\/uploads\/2025\/11\/01-Passerelle-du-College-lyon.jpg\" alt=\"\" title=\"01 Passerelle du Coll\u00e8ge lyon\"   class=\"wp-image-166700\"\/><\/p>\n<p>La Passerelle du Coll\u00e8ge relie la Presqu\u2019\u00eele au 6\u00e8me . Dynamit\u00e9e par les Allemands en 1944, elle est aujourd\u2019hui la cible des khmers verts &#8211; Photos Lyon People<\/p>\n<p><strong>Texte\u00a0: Marc de Jouvencel<\/strong> \u2013 Alors que l\u2019entreprise de d\u00e9baptisation de la rue Bugeaud bat son plein, les \u00e9lus \u00e9cologistes ont attaqu\u00e9 un nouveau chantier de d\u00e9molition patrimoniale et intellectuelle.<\/p>\n<p>A quelques mois des \u00e9lections municipales, l\u2019entreprise de nettoyage historique et de racolage communautaire bat son plein. A la baguette, l\u2019adjointe de <strong>Gr\u00e9gory Doucet<\/strong> \u00e0 la m\u00e9moire, une d\u00e9nomm\u00e9e <strong>Sylvie Tomic<\/strong> dont l\u2019historien <strong>Jean Etevenaux<\/strong> nous a r\u00e9cemment dress\u00e9<a href=\"https:\/\/www.lyonpeople.com\/actualites-lyon\/actualites-culturelles-patrimoine\/comite-histoire-et-memoire-de-la-ville-comment-les-ecologistes-veulent-reecrire-lhistoire-de-lyon-2025-11-04.html\" target=\"_blank\" rel=\"noopener\"><strong> le portrait peu flatteur.<\/strong><\/a><\/p>\n<p><img loading=\"lazy\" decoding=\"async\" aria-describedby=\"caption-attachment-166703\" class=\"size-full wp-image-166703\" src=\"data:image\/svg+xml,%3Csvg%20xmlns=\" http:=\"\" alt=\"\" width=\"900\" height=\"588\" data-lazy- data-lazy- data-lazy-src=\"https:\/\/www.europesays.com\/fr\/wp-content\/uploads\/2025\/11\/Gregory-Doucet-Sylvie-Tomic-algerie.jpg\"\/><\/p>\n<p id=\"caption-attachment-166703\" class=\"wp-caption-text\">Gr\u00e9gory Doucet et Sylvie Tomic, porte-paroles de la dictature alg\u00e9rienne en France<\/p>\n<p>Aux ordres des lobbys alg\u00e9riens, c\u2019est elle qui a r\u00e9cemment mis en sc\u00e8ne, place Gabriel P\u00e9ri, le d\u00e9voilement d\u2019une plaque comm\u00e9morative de la manifestation pro FLN du 17 octobre 1961 \u00e0\u2026. Paris. Cette offensive est \u00e9galement men\u00e9e par le d\u00e9put\u00e9 LFI <strong>Abdelkader Lahmar<\/strong>, \u00e9lu \u00e0 Vaulx-en-Velin mais vivant \u00e0 \u2026Caluire\u00a0! Il est connu pour ses diatribes anti-fran\u00e7aises et anti-police.<\/p>\n<p><strong>Le silence honteux des \u00e9cologistes<\/strong><\/p>\n<p>Le Figaro raconte ses derniers faits d\u2019armes : \u00ab En l\u2019espace de quelques heures dans l\u2019h\u00e9micycle, le d\u00e9put\u00e9 insoumis a encha\u00een\u00e9 ce jeudi 30 octobre deux formules vivement d\u00e9cri\u00e9es \u00e0 l\u2019occasion des discussions autour de la r\u00e9solution du RN visant \u00e0 d\u00e9noncer les accords de 1968 avec l\u2019Alg\u00e9rie. En pleine commission, il a renvoy\u00e9 <strong>Hanane Mansouri,<\/strong> une de ses coll\u00e8gues \u00e0 ses origines marocaines\u00a0\u00bb.<\/p>\n<p><img loading=\"lazy\" decoding=\"async\" aria-describedby=\"caption-attachment-166701\" class=\"size-full wp-image-166701\" src=\"data:image\/svg+xml,%3Csvg%20xmlns=\" http:=\"\" alt=\"\" width=\"900\" height=\"857\" data-lazy- data-lazy- data-lazy-src=\"https:\/\/www.europesays.com\/fr\/wp-content\/uploads\/2025\/11\/Les-mensonges-du-depute-LFI-Abdelkader-Lahmar-sont-la-risee-des-internautes.jpg\"\/><\/p>\n<p id=\"caption-attachment-166701\" class=\"wp-caption-text\">Les mensonges du d\u00e9put\u00e9 LFI Abdelkader Lahmar sont la ris\u00e9e des internautes<\/p>\n<p>\u00ab\u00a0L\u2019\u00e9lu de nationalit\u00e9 franco-alg\u00e9rienne a ensuite qualifi\u00e9 de \u00ab tra\u00eetres \u00bb les harkis, s\u2019alignant sur la rh\u00e9torique h\u00e9rit\u00e9e du FLN et de d\u00e9cennies de rancune contre ceux qui, durant la guerre d\u2019Alg\u00e9rie, ont choisi de soutenir l\u2019arm\u00e9e fran\u00e7aise\u00a0\u00bb. Ni <strong>Gr\u00e9gory Doucet<\/strong>, ni <strong>Bruno Bernard <\/strong>(qui dirige la M\u00e9tropole avec LFI) n\u2019ont r\u00e9agi \u00e0 cette infamie et \u00e0 ses mensonges d\u00e9nonc\u00e9s par <strong>Alexandre Vincendet<\/strong>.<\/p>\n<p><strong>L\u2019objectif est clair\u00a0: capter le vote communautaire<\/strong><\/p>\n<p><img loading=\"lazy\" decoding=\"async\" class=\" wp-image-166704 alignleft\" src=\"data:image\/svg+xml,%3Csvg%20xmlns=\" http:=\"\" alt=\"\" width=\"214\" height=\"197\" data-lazy-src=\"https:\/\/www.europesays.com\/fr\/wp-content\/uploads\/2025\/11\/drapeau-palestine-gaza-lyon.png\"\/>Ce vote est la chasse gard\u00e9e de la France Insoumise qui pr\u00e9sente sa propre candidate aux \u00e9lections municipales, en la personne de la d\u00e9put\u00e9e parachut\u00e9e <strong>Ana\u00efs Belouassa-Cherifi<\/strong>. Mais les \u00e9cologistes, tout comme les communistes, lorgnent \u00e9galement sur cette r\u00e9serve de voix. Ce qui explique que Doucet ait hiss\u00e9 le drapeau palestinien sur le fronton de l\u2019h\u00f4tel de ville de Lyon en octobre dernier. Ce qui a suscit\u00e9 un toll\u00e9 g\u00e9n\u00e9ral.<\/p>\n<p>Les \u00e9cologistes ont bien conscience qu\u2019ils auront du mal \u00e0 capter ces \u00e9lecteurs. Tout comme ceux de la communaut\u00e9 juive qui les d\u00e9testent. Ils ont donc abattu une nouvelle carte\u00a0: celle de\u00a0la R\u00e9sistance. Et tentent de prendre en otage \u00e9lectoral la famille P\u00e9ju. De cette derni\u00e8re, tr\u00e8s marqu\u00e9e \u00e0 gauche, sont issus le r\u00e9sistant <strong>Elie P\u00e9ju<\/strong>, le libraire <strong>Raymond P\u00e9ju<\/strong> (La Proue, rue Childebert) et l\u2019\u00e9crivain <strong>Pierre P\u00e9ju<\/strong>.<\/p>\n<p><strong>Comment se raccrocher aux branches de la R\u00e9sistance<\/strong><\/p>\n<p>De fa\u00e7on unilat\u00e9rale, les \u00e9cologistes ont d\u00e9cid\u00e9 d\u2019accrocher leur nom de famille \u00e0 la Passerelle du Coll\u00e8ge qui relie le 2eme au 6\u00e8me arrondissement. Au grand dam de leurs \u00e9lus. \u00ab Il n\u2019y a eu aucune concertation, ni des arrondissements concern\u00e9s, ni des conseils de quartier, ni des comit\u00e9s d\u2019int\u00e9r\u00eats locaux \u00bb, pointe le maire du 6\u00e8me par int\u00e9rim <strong>Christian Termoz-Mazan<\/strong>, dans les colonnes du Progr\u00e8s.<\/p>\n<p><img loading=\"lazy\" decoding=\"async\" aria-describedby=\"caption-attachment-166702\" class=\"size-full wp-image-166702\" src=\"data:image\/svg+xml,%3Csvg%20xmlns=\" http:=\"\" alt=\"\" width=\"900\" height=\"611\" data-lazy- data-lazy- data-lazy-src=\"https:\/\/www.europesays.com\/fr\/wp-content\/uploads\/2025\/11\/09-Passerelle-du-college-lyon.jpg\"\/><\/p>\n<p id=\"caption-attachment-166702\" class=\"wp-caption-text\">La passerelle du coll\u00e8ge est le prolongement de la rue Bugeaud, elle aussi menac\u00e9e de d\u00e9baptisation<\/p>\n<p>Son adjoint \u00e0 la m\u00e9moire <strong>Herv\u00e9 Brun<\/strong> et son conseil d\u2019arrondissement ont refus\u00e9 cette seconde d\u00e9baptisation qui ne dit pas son nom, tout comme celui du 2eme men\u00e9 par <strong>Pierre Oliver<\/strong>. Les \u00e9cologistes passeront-ils en force une nouvelle fois\u00a0? Quoiqu\u2019il en soit, les Lyonnais continueront de l\u2019appeler \u00ab\u00a0Passerelle du Coll\u00e8ge\u00a0\u00bb. En t\u00e9moigne l\u2019histoire r\u00e9cente de la Passerelle Saint Georges. Connaissez-vous son nom actuel\u00a0?<\/p>\n<p>&gt; L\u2019histoire de cette passerelle embl\u00e9matique <a href=\"https:\/\/patrimoine.auvergnerhonealpes.fr\/dossier\/IA69006556\" target=\"_blank\" rel=\"noopener\"><strong>est \u00e0 lire ici<\/strong><\/a><\/p>\n","protected":false},"excerpt":{"rendered":"La Passerelle du Coll\u00e8ge relie la Presqu\u2019\u00eele au 6\u00e8me . Dynamit\u00e9e par les Allemands en 1944, elle est&hellip;\n","protected":false},"author":2,"featured_media":526712,"comment_status":"","ping_status":"","sticky":false,"template":"","format":"standard","meta":{"footnotes":""},"categories":[1889],"tags":[4257,1111,11,2430,1777,674,1011,27,2428,12,64605,25],"class_list":{"0":"post-526711","1":"post","2":"type-post","3":"status-publish","4":"format-standard","5":"has-post-thumbnail","7":"category-lyon","8":"tag-0top","9":"tag-actu","10":"tag-actualites","11":"tag-auvergne-rhone-alpes","12":"tag-eu","13":"tag-europe","14":"tag-fr","15":"tag-france","16":"tag-lyon","17":"tag-news","18":"tag-passerelle-du-college","19":"tag-republique-francaise"},"share_on_mastodon":{"url":"https:\/\/pubeurope.com\/@fr\/115530023046221513","error":""},"_links":{"self":[{"href":"https:\/\/www.europesays.com\/fr\/wp-json\/wp\/v2\/posts\/526711","targetHints":{"allow":["GET"]}}],"collection":[{"href":"https:\/\/www.europesays.com\/fr\/wp-json\/wp\/v2\/posts"}],"about":[{"href":"https:\/\/www.europesays.com\/fr\/wp-json\/wp\/v2\/types\/post"}],"author":[{"embeddable":true,"href":"https:\/\/www.europesays.com\/fr\/wp-json\/wp\/v2\/users\/2"}],"replies":[{"embeddable":true,"href":"https:\/\/www.europesays.com\/fr\/wp-json\/wp\/v2\/comments?post=526711"}],"version-history":[{"count":0,"href":"https:\/\/www.europesays.com\/fr\/wp-json\/wp\/v2\/posts\/526711\/revisions"}],"wp:featuredmedia":[{"embeddable":true,"href":"https:\/\/www.europesays.com\/fr\/wp-json\/wp\/v2\/media\/526712"}],"wp:attachment":[{"href":"https:\/\/www.europesays.com\/fr\/wp-json\/wp\/v2\/media?parent=526711"}],"wp:term":[{"taxonomy":"category","embeddable":true,"href":"https:\/\/www.europesays.com\/fr\/wp-json\/wp\/v2\/categories?post=526711"},{"taxonomy":"post_tag","embeddable":true,"href":"https:\/\/www.europesays.com\/fr\/wp-json\/wp\/v2\/tags?post=526711"}],"curies":[{"name":"wp","href":"https:\/\/api.w.org\/{rel}","templated":true}]}}