{"id":526713,"date":"2025-11-11T08:04:37","date_gmt":"2025-11-11T08:04:37","guid":{"rendered":"https:\/\/www.europesays.com\/fr\/526713\/"},"modified":"2025-11-11T08:04:37","modified_gmt":"2025-11-11T08:04:37","slug":"le-drole-de-cv-de-la-candidate-de-lile-de-france-a-miss-france","status":"publish","type":"post","link":"https:\/\/www.europesays.com\/fr\/526713\/","title":{"rendered":"Le dr\u00f4le de CV de la candidate de l\u2019\u00cele-de-France \u00e0 Miss France"},"content":{"rendered":"\n<p>Le 6\u00a0d\u00e9cembre prochain, une soir\u00e9e tr\u00e8s attendue aura lieu au Z\u00e9nith d\u2019Amiens\u00a0: les 30 candidates r\u00e9gionales au prestigieux concours Miss France s\u2019\u00e9lanceront sur la sc\u00e8ne pour un show de plus de trois heures diffus\u00e9 en direct sur TF1. Les pr\u00e9tendantes \u00e0 la couronne se sont r\u00e9unies \u00e0 Paris ce vendredi 7\u00a0novembre pour commencer leur mois de pr\u00e9paration avant le grand jour, et se sont envol\u00e9es en Martinique ce dimanche 9\u00a0novembre, pour le traditionnel voyage de formation. Passage obligatoire, chacune des reines de beaut\u00e9 sera soumise \u00e0 un test de culture g\u00e9n\u00e9rale, dont le classement sera r\u00e9v\u00e9l\u00e9 avant le concours. Et, \u00e0 en croire son parcours scolaire, l\u2019une d\u2019entre elles devrait particuli\u00e8rement briller sur cette \u00e9preuve&#8230;<\/p>\n","protected":false},"excerpt":{"rendered":"Le 6\u00a0d\u00e9cembre prochain, une soir\u00e9e tr\u00e8s attendue aura lieu au Z\u00e9nith d\u2019Amiens\u00a0: les 30 candidates r\u00e9gionales au prestigieux&hellip;\n","protected":false},"author":2,"featured_media":526714,"comment_status":"","ping_status":"","sticky":false,"template":"","format":"standard","meta":{"footnotes":""},"categories":[1592],"tags":[1111,11,1777,674,1011,27,662,12,626,25,199],"class_list":{"0":"post-526713","1":"post","2":"type-post","3":"status-publish","4":"format-standard","5":"has-post-thumbnail","7":"category-ile-de-france","8":"tag-actu","9":"tag-actualites","10":"tag-eu","11":"tag-europe","12":"tag-fr","13":"tag-france","14":"tag-ile-de-france","15":"tag-news","16":"tag-paris","17":"tag-republique-francaise","18":"tag-tf1"},"share_on_mastodon":{"url":"https:\/\/pubeurope.com\/@fr\/115530030499539270","error":""},"_links":{"self":[{"href":"https:\/\/www.europesays.com\/fr\/wp-json\/wp\/v2\/posts\/526713","targetHints":{"allow":["GET"]}}],"collection":[{"href":"https:\/\/www.europesays.com\/fr\/wp-json\/wp\/v2\/posts"}],"about":[{"href":"https:\/\/www.europesays.com\/fr\/wp-json\/wp\/v2\/types\/post"}],"author":[{"embeddable":true,"href":"https:\/\/www.europesays.com\/fr\/wp-json\/wp\/v2\/users\/2"}],"replies":[{"embeddable":true,"href":"https:\/\/www.europesays.com\/fr\/wp-json\/wp\/v2\/comments?post=526713"}],"version-history":[{"count":0,"href":"https:\/\/www.europesays.com\/fr\/wp-json\/wp\/v2\/posts\/526713\/revisions"}],"wp:featuredmedia":[{"embeddable":true,"href":"https:\/\/www.europesays.com\/fr\/wp-json\/wp\/v2\/media\/526714"}],"wp:attachment":[{"href":"https:\/\/www.europesays.com\/fr\/wp-json\/wp\/v2\/media?parent=526713"}],"wp:term":[{"taxonomy":"category","embeddable":true,"href":"https:\/\/www.europesays.com\/fr\/wp-json\/wp\/v2\/categories?post=526713"},{"taxonomy":"post_tag","embeddable":true,"href":"https:\/\/www.europesays.com\/fr\/wp-json\/wp\/v2\/tags?post=526713"}],"curies":[{"name":"wp","href":"https:\/\/api.w.org\/{rel}","templated":true}]}}