{"id":526723,"date":"2025-11-11T08:09:22","date_gmt":"2025-11-11T08:09:22","guid":{"rendered":"https:\/\/www.europesays.com\/fr\/526723\/"},"modified":"2025-11-11T08:09:22","modified_gmt":"2025-11-11T08:09:22","slug":"lukraine-frappe-une-raffinerie-a-saratov-en-russie-pour-la-septieme-fois-depuis-le-debut-de-lannee","status":"publish","type":"post","link":"https:\/\/www.europesays.com\/fr\/526723\/","title":{"rendered":"L\u2019Ukraine frappe une raffinerie \u00e0 Saratov, en Russie, pour la septi\u00e8me fois depuis le d\u00e9but de l\u2019ann\u00e9e"},"content":{"rendered":"<p>Des drones ukrainiens ont frapp\u00e9 une raffinerie de p\u00e9trole dans la r\u00e9gion russe de Saratov pour la septi\u00e8me fois depuis le d\u00e9but de l\u2019ann\u00e9e, a annonc\u00e9 sur Telegram Andriy Kovalenko, chef du Centre de lutte contre la d\u00e9sinformation aupr\u00e8s du Conseil de s\u00e9curit\u00e9 nationale et de d\u00e9fense d\u2019Ukraine.<\/p>\n<p style=\"text-align: justify;\">La cha\u00eene Telegram Astra a confirm\u00e9 les explosions sur le site industriel.<\/p>\n<p style=\"text-align: justify;\">Le gouverneur de la r\u00e9gion de Saratov, Roman Busargin, a indiqu\u00e9 que l\u2019attaque avait provoqu\u00e9 des d\u00e9g\u00e2ts sur des infrastructures civiles et fait une bless\u00e9e, sans pr\u00e9ciser la nature exacte des destructions. Avant la frappe, les autorit\u00e9s locales avaient signal\u00e9 une alerte aux drones. L\u2019a\u00e9roport de Saratov a temporairement suspendu ses activit\u00e9s avant d\u2019activer \u00e0 nouveau le plan d\u2019urgence \u00ab Kover \u00bb.<\/p>\n<p style=\"text-align: justify;\">La raffinerie avait d\u00e9j\u00e0 \u00e9t\u00e9 vis\u00e9e le 3 novembre, ce qui porte \u00e0 au moins sept le nombre d\u2019attaques ukrainiennes recens\u00e9es contre cette installation depuis le d\u00e9but de l\u2019ann\u00e9e, selon Astra.<\/p>\n<p style=\"text-align: justify;\">Photo: Wikipedia<\/p>\n","protected":false},"excerpt":{"rendered":"Des drones ukrainiens ont frapp\u00e9 une raffinerie de p\u00e9trole dans la r\u00e9gion russe de Saratov pour la septi\u00e8me&hellip;\n","protected":false},"author":2,"featured_media":526724,"comment_status":"","ping_status":"","sticky":false,"template":"","format":"standard","meta":{"footnotes":""},"categories":[1591],"tags":[11,1887,12,1885,1886,132],"class_list":{"0":"post-526723","1":"post","2":"type-post","3":"status-publish","4":"format-standard","5":"has-post-thumbnail","7":"category-russie","8":"tag-actualites","9":"tag-federation-de-russie","10":"tag-news","11":"tag-russia","12":"tag-russian-federation","13":"tag-russie"},"share_on_mastodon":{"url":"https:\/\/pubeurope.com\/@fr\/115530050097421395","error":""},"_links":{"self":[{"href":"https:\/\/www.europesays.com\/fr\/wp-json\/wp\/v2\/posts\/526723","targetHints":{"allow":["GET"]}}],"collection":[{"href":"https:\/\/www.europesays.com\/fr\/wp-json\/wp\/v2\/posts"}],"about":[{"href":"https:\/\/www.europesays.com\/fr\/wp-json\/wp\/v2\/types\/post"}],"author":[{"embeddable":true,"href":"https:\/\/www.europesays.com\/fr\/wp-json\/wp\/v2\/users\/2"}],"replies":[{"embeddable":true,"href":"https:\/\/www.europesays.com\/fr\/wp-json\/wp\/v2\/comments?post=526723"}],"version-history":[{"count":0,"href":"https:\/\/www.europesays.com\/fr\/wp-json\/wp\/v2\/posts\/526723\/revisions"}],"wp:featuredmedia":[{"embeddable":true,"href":"https:\/\/www.europesays.com\/fr\/wp-json\/wp\/v2\/media\/526724"}],"wp:attachment":[{"href":"https:\/\/www.europesays.com\/fr\/wp-json\/wp\/v2\/media?parent=526723"}],"wp:term":[{"taxonomy":"category","embeddable":true,"href":"https:\/\/www.europesays.com\/fr\/wp-json\/wp\/v2\/categories?post=526723"},{"taxonomy":"post_tag","embeddable":true,"href":"https:\/\/www.europesays.com\/fr\/wp-json\/wp\/v2\/tags?post=526723"}],"curies":[{"name":"wp","href":"https:\/\/api.w.org\/{rel}","templated":true}]}}