{"id":526730,"date":"2025-11-11T08:13:20","date_gmt":"2025-11-11T08:13:20","guid":{"rendered":"https:\/\/www.europesays.com\/fr\/526730\/"},"modified":"2025-11-11T08:13:20","modified_gmt":"2025-11-11T08:13:20","slug":"vodafone-releve-ses-previsions-annuelles-avec-la-reprise-en-allemagne-11-11-2025-a-0859","status":"publish","type":"post","link":"https:\/\/www.europesays.com\/fr\/526730\/","title":{"rendered":"Vodafone rel\u00e8ve ses pr\u00e9visions annuelles avec la reprise en Allemagne &#8211; 11\/11\/2025 \u00e0 08:59"},"content":{"rendered":"<p>        <img decoding=\"async\" src=\"https:\/\/www.europesays.com\/fr\/wp-content\/uploads\/2025\/11\/e47ac7b2723bf356601b83880ccfba46-760x507.jpg\" alt=\"Le logo de Vodafone\" loading=\"eager\" fetchpriority=\"high\" width=\"760\" height=\"507\" style=\"max-width: 100%!important; height: auto;\"\/><\/p>\n<p class=\"c-image-news__legend\">Le logo de Vodafone<\/p>\n<p>\n Vodafone a relev\u00e9 mardi ses pr\u00e9visions de b\u00e9n\u00e9fice et de flux de tr\u00e9sorerie pour l&rsquo;ensemble de l&rsquo;ann\u00e9e, apr\u00e8s avoir renou\u00e9 avec la croissance en Allemagne au deuxi\u00e8me trimestre.\n<\/p>\n<p>\n L&rsquo;op\u00e9rateur de t\u00e9l\u00e9phonie mobile et de haut d\u00e9bit pr\u00e9voit d\u00e9sormais d\u2019atteindre le haut de sa fourchette de pr\u00e9visions pour l&rsquo;Ebitdaal (r\u00e9sultat d\u2019exploitation avant int\u00e9r\u00eats, imp\u00f4ts, d\u00e9pr\u00e9ciations, amortissements et loyers), comprise entre 11,3 \u00e0 11,6 milliards d&rsquo;euros, et pour le flux de tr\u00e9sorerie disponible ajust\u00e9, comprise entre de 2,4 \u00e0 2,6 milliards d&rsquo;euros.\n<\/p>\n<p>\n La directrice g\u00e9n\u00e9rale Margherita Della Valle a indiqu\u00e9 qu\u2019en plus de la reprise en Allemagne, Vodafone avait rapidement entam\u00e9 l\u2019int\u00e9gration des r\u00e9seaux Vodafone et Three au Royaume-Uni, apr\u00e8s la finalisation de leur fusion en mai.\n<\/p>\n<p>\n \u00ab\u00a0Au deuxi\u00e8me trimestre, nous avons observ\u00e9 une acc\u00e9l\u00e9ration des revenus de services, avec de bonnes performances au Royaume-Uni, en Turquie et en Afrique, ainsi qu\u2019un retour \u00e0 la croissance en Allemagne\u00a0\u00bb, a-t-elle ajout\u00e9.\n<\/p>\n<p>\n Compte tenu de cette performance, elle a annonc\u00e9 l\u2019introduction d\u2019une nouvelle politique de dividende progressive, avec une hausse attendue de 2,5% sur l\u2019exercice.\n<\/p>\n<p>\n (R\u00e9dig\u00e9 par Paul Sandle, version fran\u00e7aise Elena Smirnova, \u00e9dit\u00e9 par Augustin Turpin)<\/p>\n","protected":false},"excerpt":{"rendered":"Le logo de Vodafone Vodafone a relev\u00e9 mardi ses pr\u00e9visions de b\u00e9n\u00e9fice et de flux de tr\u00e9sorerie pour&hellip;\n","protected":false},"author":2,"featured_media":526731,"comment_status":"","ping_status":"","sticky":false,"template":"","format":"standard","meta":{"footnotes":""},"categories":[1587],"tags":[400,11,672,398,408,1804,405,1805,1803,1777,674,1801,403,402,399,404,12,1802,401,406,407],"class_list":{"0":"post-526730","1":"post","2":"type-post","3":"status-publish","4":"format-standard","5":"has-post-thumbnail","7":"category-allemagne","8":"tag-action-cac-40","9":"tag-actualites","10":"tag-allemagne","11":"tag-bourse-de-paris","12":"tag-boursorama","13":"tag-bundesrepublik-deutschland","14":"tag-cotations","15":"tag-de","16":"tag-deutschland","17":"tag-eu","18":"tag-europe","19":"tag-germany","20":"tag-indices-devises","21":"tag-investir","22":"tag-investissement","23":"tag-marche-boursier","24":"tag-news","25":"tag-republique-federale-dallemagne","26":"tag-sicav","27":"tag-trackers","28":"tag-warrants"},"share_on_mastodon":{"url":"https:\/\/pubeurope.com\/@fr\/115530066345873644","error":""},"_links":{"self":[{"href":"https:\/\/www.europesays.com\/fr\/wp-json\/wp\/v2\/posts\/526730","targetHints":{"allow":["GET"]}}],"collection":[{"href":"https:\/\/www.europesays.com\/fr\/wp-json\/wp\/v2\/posts"}],"about":[{"href":"https:\/\/www.europesays.com\/fr\/wp-json\/wp\/v2\/types\/post"}],"author":[{"embeddable":true,"href":"https:\/\/www.europesays.com\/fr\/wp-json\/wp\/v2\/users\/2"}],"replies":[{"embeddable":true,"href":"https:\/\/www.europesays.com\/fr\/wp-json\/wp\/v2\/comments?post=526730"}],"version-history":[{"count":0,"href":"https:\/\/www.europesays.com\/fr\/wp-json\/wp\/v2\/posts\/526730\/revisions"}],"wp:featuredmedia":[{"embeddable":true,"href":"https:\/\/www.europesays.com\/fr\/wp-json\/wp\/v2\/media\/526731"}],"wp:attachment":[{"href":"https:\/\/www.europesays.com\/fr\/wp-json\/wp\/v2\/media?parent=526730"}],"wp:term":[{"taxonomy":"category","embeddable":true,"href":"https:\/\/www.europesays.com\/fr\/wp-json\/wp\/v2\/categories?post=526730"},{"taxonomy":"post_tag","embeddable":true,"href":"https:\/\/www.europesays.com\/fr\/wp-json\/wp\/v2\/tags?post=526730"}],"curies":[{"name":"wp","href":"https:\/\/api.w.org\/{rel}","templated":true}]}}