{"id":526734,"date":"2025-11-11T08:15:17","date_gmt":"2025-11-11T08:15:17","guid":{"rendered":"https:\/\/www.europesays.com\/fr\/526734\/"},"modified":"2025-11-11T08:15:17","modified_gmt":"2025-11-11T08:15:17","slug":"ue-mercosur-la-fronde-gagne-le-senat-aveyron","status":"publish","type":"post","link":"https:\/\/www.europesays.com\/fr\/526734\/","title":{"rendered":"UE-Mercosur : la fronde gagne le S\u00e9nat &#8211; Aveyron"},"content":{"rendered":"<p>                    <img width=\"884\" height=\"884\" src=\"https:\/\/www.europesays.com\/fr\/wp-content\/uploads\/2025\/11\/JC-ANGLARS.jpeg\" class=\"img-fluid portrait wp-post-image\" alt=\"\u00ab Cet accord constitue une menace directe pour notre mod\u00e8le agricole&quot;, alerte\u00a0Jean-Claude Anglars.\" itemprop=\"image\" decoding=\"async\" fetchpriority=\"high\"  \/>                    <\/p>\n<p itemprop=\"name\">\n                                                \u00ab Cet accord constitue une menace directe pour notre mod\u00e8le agricole\u00a0\u00bb, alerte\u00a0Jean-Claude Anglars.<br \/>\n                         Cr\u00e9dits :<br \/>\n                            S\u00e9nat\n                                                <\/p>\n<p data-start=\"408\" data-end=\"648\"><strong>Lundi 10 novembre, Jean-Claude Anglars, s\u00e9nateur de l\u2019Aveyron, a interpell\u00e9 le ministre de l\u2019Europe et des Affaires \u00e9trang\u00e8res \u00ab\u00a0afin d\u2019obtenir des clarifications sur la position du gouvernement concernant l\u2019accord de libre-\u00e9change entre l\u2019Union europ\u00e9enne et les pays du Mercosur\u00a0\u00bb.<\/strong><\/p>\n<p data-start=\"650\" data-end=\"1220\">Les agriculteurs fran\u00e7ais redoutent un afflux massif de produits sud-am\u00e9ricains sur le march\u00e9 europ\u00e9en. L\u2019accord pr\u00e9voit l\u2019importation de 99.000 tonnes de viande bovine tax\u00e9es \u00e0 seulement 7,5 %, et 180.000 tonnes de volaille exon\u00e9r\u00e9es de droits de douane. Pour les \u00e9leveurs, \u00ab\u00a0cette concurrence est d\u00e9loyale : les exploitations sud-am\u00e9ricaines profitent de normes sanitaires et environnementales bien moins strictes, de surfaces bien plus vastes et de co\u00fbts salariaux tr\u00e8s inf\u00e9rieurs\u00a0\u00bb.<\/p>\n<p data-start=\"1222\" data-end=\"1766\">Le S\u00e9nat a d\u00e9j\u00e0 exprim\u00e9 son opposition \u00e0 cet accord. Jean-Claude Anglars, fermement oppos\u00e9, \u00ab\u00a0demande des garanties concr\u00e8tes pour prot\u00e9ger l\u2019agriculture fran\u00e7aise\u00a0\u00bb. Il avait d\u00e9j\u00e0 alert\u00e9 le gouvernement lors des Questions d\u2019actualit\u00e9 au S\u00e9nat le 12 juin dernier, apr\u00e8s les appels du pr\u00e9sident br\u00e9silien Lula da Silva \u00e0 la signature et les propos d\u2019Emmanuel Macron \u00e9voquant certains avantages \u00e9conomiques.<\/p>\n<p data-start=\"1768\" data-end=\"2085\">Or, en marge d\u2019un sommet pr\u00e9c\u00e9dant la COP30 au Br\u00e9sil, le pr\u00e9sident de la R\u00e9publique s\u2019est dit \u00ab plut\u00f4t positif \u00bb \u00e0 l\u2019\u00e9gard de l\u2019accord, \u00e9voquant les clauses de sauvegarde propos\u00e9es par la Commission europ\u00e9enne. Ce qui ne pouvait que faire r\u00e9agir Jean-Claude Anglars.<\/p>\n<p data-start=\"1768\" data-end=\"2085\">Celui-ci rappelle en effet qu\u2019\u00ab on ne peut accepter un accord commercial sans r\u00e9ciprocit\u00e9 des normes. L\u2019asym\u00e9trie r\u00e9glementaire entre l\u2019Europe et l\u2019Am\u00e9rique du Sud exposerait nos \u00e9leveurs \u00e0 une concurrence fauss\u00e9e, tout en fragilisant les garanties de qualit\u00e9 et de tra\u00e7abilit\u00e9 pour nos consommateurs. Notre mod\u00e8le agricole et notre souverainet\u00e9 alimentaire sont en jeu. La position de la France doit \u00eatre ferme : pas d\u2019accord sans garanties. \u00bb<\/p>\n<p>                Cet article est r\u00e9serv\u00e9 aux abonn\u00e9s.<\/p>\n<p class=\"signature\" itemscope=\"\" itemprop=\"Author\" itemtype=\"http:\/\/schema.org\/Person\">\n                DE\n            <\/p>\n","protected":false},"excerpt":{"rendered":"\u00ab Cet accord constitue une menace directe pour notre mod\u00e8le agricole\u00a0\u00bb, alerte\u00a0Jean-Claude Anglars. Cr\u00e9dits : S\u00e9nat Lundi 10&hellip;\n","protected":false},"author":2,"featured_media":526735,"comment_status":"","ping_status":"","sticky":false,"template":"","format":"standard","meta":{"footnotes":""},"categories":[1586],"tags":[11,1777,674,1779,1011,27,12,301,25,1778,364],"class_list":{"0":"post-526734","1":"post","2":"type-post","3":"status-publish","4":"format-standard","5":"has-post-thumbnail","7":"category-europe","8":"tag-actualites","9":"tag-eu","10":"tag-europe","11":"tag-european-union","12":"tag-fr","13":"tag-france","14":"tag-news","15":"tag-premium","16":"tag-republique-francaise","17":"tag-ue","18":"tag-union-europeenne"},"share_on_mastodon":{"url":"https:\/\/pubeurope.com\/@fr\/115530074328309370","error":""},"_links":{"self":[{"href":"https:\/\/www.europesays.com\/fr\/wp-json\/wp\/v2\/posts\/526734","targetHints":{"allow":["GET"]}}],"collection":[{"href":"https:\/\/www.europesays.com\/fr\/wp-json\/wp\/v2\/posts"}],"about":[{"href":"https:\/\/www.europesays.com\/fr\/wp-json\/wp\/v2\/types\/post"}],"author":[{"embeddable":true,"href":"https:\/\/www.europesays.com\/fr\/wp-json\/wp\/v2\/users\/2"}],"replies":[{"embeddable":true,"href":"https:\/\/www.europesays.com\/fr\/wp-json\/wp\/v2\/comments?post=526734"}],"version-history":[{"count":0,"href":"https:\/\/www.europesays.com\/fr\/wp-json\/wp\/v2\/posts\/526734\/revisions"}],"wp:featuredmedia":[{"embeddable":true,"href":"https:\/\/www.europesays.com\/fr\/wp-json\/wp\/v2\/media\/526735"}],"wp:attachment":[{"href":"https:\/\/www.europesays.com\/fr\/wp-json\/wp\/v2\/media?parent=526734"}],"wp:term":[{"taxonomy":"category","embeddable":true,"href":"https:\/\/www.europesays.com\/fr\/wp-json\/wp\/v2\/categories?post=526734"},{"taxonomy":"post_tag","embeddable":true,"href":"https:\/\/www.europesays.com\/fr\/wp-json\/wp\/v2\/tags?post=526734"}],"curies":[{"name":"wp","href":"https:\/\/api.w.org\/{rel}","templated":true}]}}