{"id":526737,"date":"2025-11-11T08:17:13","date_gmt":"2025-11-11T08:17:13","guid":{"rendered":"https:\/\/www.europesays.com\/fr\/526737\/"},"modified":"2025-11-11T08:17:13","modified_gmt":"2025-11-11T08:17:13","slug":"un-homme-decede-dans-un-accident-de-zodiac-au-large-de-porto-vecchio","status":"publish","type":"post","link":"https:\/\/www.europesays.com\/fr\/526737\/","title":{"rendered":"Un homme d\u00e9c\u00e8de dans un accident de zodiac au large de Porto-Vecchio"},"content":{"rendered":"<p>Un homme est d\u00e9c\u00e9d\u00e9 ce lundi 10\u00a0novembre dans la soir\u00e9e, apr\u00e8s que le zodiac \u00e0 bord duquel il se trouvait a heurt\u00e9 un r\u00e9cif pr\u00e8s de la Chiappa, au large de Porto-Vecchio. Un deuxi\u00e8me homme qui se trouvait \u00e9galement \u00e0 bord de l&#8217;embarcation a \u00e9t\u00e9 s\u00e9rieusement bless\u00e9, et pris en charge par les secours.<\/p>\n<p>Les faits se seraient d\u00e9roul\u00e9s apr\u00e8s la tomb\u00e9e de la nuit, dans la zone du s\u00e9maphore de la Chiappa, sur la c\u00f4te porto-vecchiaise en direction de Palombaggia. Pour une raison encore inconnue \u00e0 ce stade, et que l&rsquo;enqu\u00eate de gendarmerie devra r\u00e9v\u00e9ler, un semi-rigide \u00e0 bord duquel se trouvaient deux hommes a violemment heurt\u00e9 un r\u00e9cif, \u00e9jectant les occupants de l&#8217;embarcation.<\/p>\n<p>Un important dispositif de secours envoy\u00e9 sur place<\/p>\n<p>L&rsquo;une d&rsquo;elles, s\u00e9rieusement bless\u00e9e, a r\u00e9ussi \u00e0 regagner le bateau et a rejoint le port de Porto-Vecchio d&rsquo;o\u00f9 elle a donn\u00e9 l&rsquo;alerte. Selon les premi\u00e8res informations, qui restent \u00e0 confirmer, cet homme n&rsquo;aurait pas retrouv\u00e9 son ami tomb\u00e9 \u00e0 l&rsquo;eau.<\/p>\n<p>D\u00e8s l&rsquo;alerte, un important dispositif de secours a \u00e9t\u00e9 d\u00e9clench\u00e9 avec la SNSM (Soci\u00e9t\u00e9 nationale de sauvetage en mer), mais aussi l&rsquo;h\u00e9licopt\u00e8re de la S\u00e9curit\u00e9 civile Dragon 20 avec des plongeurs \u00e0 bord. L&rsquo;\u00e9quipe de plongeurs des pompiers de Porto-Vecchio, ainsi que des moyens au sol se sont \u00e9galement rendus sur place. Des drones ont \u00e9t\u00e9 utilis\u00e9s pour localiser la victime.<\/p>\n<p>L&rsquo;homme, \u00e2g\u00e9 de 52 ans, a finalement \u00e9t\u00e9 retrouv\u00e9 plus tard dans la soir\u00e9e, et d\u00e9clar\u00e9 d\u00e9c\u00e9d\u00e9 par le Samu.<\/p>\n","protected":false},"excerpt":{"rendered":"Un homme est d\u00e9c\u00e9d\u00e9 ce lundi 10\u00a0novembre dans la soir\u00e9e, apr\u00e8s que le zodiac \u00e0 bord duquel il&hellip;\n","protected":false},"author":2,"featured_media":526738,"comment_status":"","ping_status":"","sticky":false,"template":"","format":"standard","meta":{"footnotes":""},"categories":[2],"tags":[17,119,11,1102,1446,1762,274,1011,27,4933,3790,12,5626,25,64610],"class_list":{"0":"post-526737","1":"post","2":"type-post","3":"status-publish","4":"format-standard","5":"has-post-thumbnail","7":"category-actualites","8":"tag-17","9":"tag-accident","10":"tag-actualites","11":"tag-breakingnews","12":"tag-dans","13":"tag-decede","14":"tag-faits-divers-justice","15":"tag-fr","16":"tag-france","17":"tag-homme","18":"tag-large","19":"tag-news","20":"tag-porto-vecchio","21":"tag-republique-francaise","22":"tag-zodiac"},"share_on_mastodon":{"url":"https:\/\/pubeurope.com\/@fr\/115530081596035549","error":""},"_links":{"self":[{"href":"https:\/\/www.europesays.com\/fr\/wp-json\/wp\/v2\/posts\/526737","targetHints":{"allow":["GET"]}}],"collection":[{"href":"https:\/\/www.europesays.com\/fr\/wp-json\/wp\/v2\/posts"}],"about":[{"href":"https:\/\/www.europesays.com\/fr\/wp-json\/wp\/v2\/types\/post"}],"author":[{"embeddable":true,"href":"https:\/\/www.europesays.com\/fr\/wp-json\/wp\/v2\/users\/2"}],"replies":[{"embeddable":true,"href":"https:\/\/www.europesays.com\/fr\/wp-json\/wp\/v2\/comments?post=526737"}],"version-history":[{"count":0,"href":"https:\/\/www.europesays.com\/fr\/wp-json\/wp\/v2\/posts\/526737\/revisions"}],"wp:featuredmedia":[{"embeddable":true,"href":"https:\/\/www.europesays.com\/fr\/wp-json\/wp\/v2\/media\/526738"}],"wp:attachment":[{"href":"https:\/\/www.europesays.com\/fr\/wp-json\/wp\/v2\/media?parent=526737"}],"wp:term":[{"taxonomy":"category","embeddable":true,"href":"https:\/\/www.europesays.com\/fr\/wp-json\/wp\/v2\/categories?post=526737"},{"taxonomy":"post_tag","embeddable":true,"href":"https:\/\/www.europesays.com\/fr\/wp-json\/wp\/v2\/tags?post=526737"}],"curies":[{"name":"wp","href":"https:\/\/api.w.org\/{rel}","templated":true}]}}