{"id":526741,"date":"2025-11-11T08:19:12","date_gmt":"2025-11-11T08:19:12","guid":{"rendered":"https:\/\/www.europesays.com\/fr\/526741\/"},"modified":"2025-11-11T08:19:12","modified_gmt":"2025-11-11T08:19:12","slug":"cest-quoi-cette-nouvelle-recompense-a-la-gloire-de-rory-mcilroy-imaginee-par-le-dp-world-tour","status":"publish","type":"post","link":"https:\/\/www.europesays.com\/fr\/526741\/","title":{"rendered":"C&rsquo;est quoi cette nouvelle r\u00e9compense \u00e0 la gloire de Rory McIlroy imagin\u00e9e par le DP World Tour ?"},"content":{"rendered":"<p>\t\t\t\t\t\t<img width=\"770\" height=\"556\" src=\"https:\/\/www.europesays.com\/fr\/wp-content\/uploads\/2025\/11\/rory-mcilroy-augusta-masters-eternite-folie-justin-rose-770x556.jpg\" class=\"img-responsive wp-post-image\" alt=\"Masters champion Rory McIlroy \u00a9Masters Tournament\" decoding=\"async\" fetchpriority=\"high\"  \/>\t\t\t\t\t<\/p>\n<p>\t\t\t\t\t\t Partager cet article <\/p>\n<p class=\"screen-reader-text juiz_sps_maybe_hidden_text\">Partager la publication \u00ab\u00a0C\u2019est quoi cette nouvelle r\u00e9compense \u00e0 la gloire de Rory McIlroy imagin\u00e9e par le DP World Tour ?\u00a0\u00bb<\/p>\n<p class=\"ds-markdown-paragraph\"><strong>Un nouveau troph\u00e9e annuel en l\u2019honneur de Rory McIlroy premier Europ\u00e9en \u00e0 avoir r\u00e9alis\u00e9 le Grand Chelem de sa carri\u00e8re a \u00e9t\u00e9 annonc\u00e9 ce mardi en amont du DP World Tour Championship \u00e0 Duba\u00ef.<\/strong><\/p>\n<p class=\"ds-markdown-paragraph\">Rory McIlroy soul\u00e8vera-t-il le <strong>Rory McIlroy Trophy<\/strong> fin 2026 ? C\u2019est fort probable et on vous explique pourquoi.<\/p>\n<p class=\"ds-markdown-paragraph\">En effet le DP World Tour a annonc\u00e9 ce mardi la cr\u00e9ation de cette nouvelle r\u00e9compense d\u00e9cern\u00e9 au membre de la DP World Tour dont les r\u00e9sultats en majeurs sur l\u2019ensemble de la saison auront \u00e9t\u00e9 les meilleurs.<\/p>\n<p class=\"ds-markdown-paragraph\">Il sera attribu\u00e9 pour la premi\u00e8re fois au terme de la saison 2026. Le laur\u00e9at sera le joueur qui aura cumul\u00e9 le plus de points pour la Race to Dubai lors du Masters, du PGA Championship, de l\u2019US Open et dans The Open.<\/p>\n<p class=\"ds-markdown-paragraph\">Le Troph\u00e9e Rory McIlroy comm\u00e9more l\u2019exploit historique du Nord-Irlandais, devenu le sixi\u00e8me joueur de l\u2019histoire du golf masculin professionnel \u00e0 avoir remport\u00e9 les quatre Majeurs ; <strong>Gene<\/strong> <strong>Sarazen<\/strong>, <strong>Ben<\/strong> <strong>Hogan<\/strong>, <strong>Gary<\/strong> <strong>Player<\/strong>, <strong>Jack<\/strong> <strong>Nicklaus<\/strong> et <strong>Tiger<\/strong> <strong>Woods<\/strong> sont les seuls autres golfeurs \u00e0 avoir r\u00e9alis\u00e9 cet exploit.<\/p>\n<p>&#13;<br \/>\nRory dans l\u2019histoire pour toujours<\/p>\n<p class=\"ds-markdown-paragraph\">McIlroy a rejoint ce club tr\u00e8s exclusif en avril dernier avec <a href=\"https:\/\/www.golfplanete.com\/actualites\/masters-augusta-un-masters-legendaire-rory-mcilroy-pour-leternite\/\" rel=\"nofollow noopener\" target=\"_blank\">son \u00e9mouvant triomphe au Masters<\/a> plus de 10 ans apr\u00e8s son dernier succ\u00e8s en majeur. Pour m\u00e9moire il a battu son co\u00e9quipier europ\u00e9en de Ryder Cup, Justin Rose, en play-off pour ajouter s\u2019emparer de la fameuse veste verte ajoutant ainsi un 5e majeur \u00e0 son palmar\u00e8s.<\/p>\n<p class=\"ds-markdown-paragraph\">Le Nord Irlandais s\u2019\u00e9tait impos\u00e9 pour la premi\u00e8re fois en Grand Chelem lors de l\u2019<strong>US Open<\/strong> 2011, il compte deux victoires dans le <strong>PGA<\/strong> <strong>Championship<\/strong> (2012 et 2014) et il a soulev\u00e9 la <strong>Claret Jug<\/strong> en 2014 au Royal Liverpool.<\/p>\n<p class=\"ds-markdown-paragraph\">L\u2019annonce de la cr\u00e9ation du Troph\u00e9e Rory McIlroy a \u00e9t\u00e9 faite lors du <strong>DP World Tour Championship<\/strong> \u00e0 Duba\u00ef, le dernier tournoi de la saison 2025 du DP World Tour, o\u00f9 le joueur de 36 ans visera un septi\u00e8me sacre dans la Race to Dubai et donc un 7e Harry Vardon Trophy*.<\/p>\n<p class=\"ds-markdown-paragraph\">\u00ab Qu\u2019un troph\u00e9e porte votre nom et soit remis aux futures g\u00e9n\u00e9rations de joueurs est un immense honneur et c\u2019est tr\u00e8s gratifiant,\u00a0a d\u00e9clar\u00e9 McIlroy. Cela signifie \u00e9norm\u00e9ment pour moi car le DP World Tour est le circuit o\u00f9 j\u2019ai commenc\u00e9 ma carri\u00e8re. J\u2019ai toujours ador\u00e9 y jouer et, bien s\u00fbr, repr\u00e9senter l\u2019Europe et le Tour lors de la Ryder Cup. \u00bb<\/p>\n<p>&#13;<br \/>\n*Le record de victoires de ce troph\u00e9e appartient \u00e0 Colin Montgomerie avec 8 titres. 7 cons\u00e9cutifs entre 1993 et 1999 et un en 2005.<\/p>\n","protected":false},"excerpt":{"rendered":"Partager cet article Partager la publication \u00ab\u00a0C\u2019est quoi cette nouvelle r\u00e9compense \u00e0 la gloire de Rory McIlroy imagin\u00e9e&hellip;\n","protected":false},"author":2,"featured_media":526742,"comment_status":"","ping_status":"","sticky":false,"template":"","format":"standard","meta":{"footnotes":""},"categories":[1418],"tags":[1011,27,1472,60],"class_list":{"0":"post-526741","1":"post","2":"type-post","3":"status-publish","4":"format-standard","5":"has-post-thumbnail","7":"category-golf","8":"tag-fr","9":"tag-france","10":"tag-golf","11":"tag-sports"},"share_on_mastodon":{"url":"https:\/\/pubeurope.com\/@fr\/115530090034599536","error":""},"_links":{"self":[{"href":"https:\/\/www.europesays.com\/fr\/wp-json\/wp\/v2\/posts\/526741","targetHints":{"allow":["GET"]}}],"collection":[{"href":"https:\/\/www.europesays.com\/fr\/wp-json\/wp\/v2\/posts"}],"about":[{"href":"https:\/\/www.europesays.com\/fr\/wp-json\/wp\/v2\/types\/post"}],"author":[{"embeddable":true,"href":"https:\/\/www.europesays.com\/fr\/wp-json\/wp\/v2\/users\/2"}],"replies":[{"embeddable":true,"href":"https:\/\/www.europesays.com\/fr\/wp-json\/wp\/v2\/comments?post=526741"}],"version-history":[{"count":0,"href":"https:\/\/www.europesays.com\/fr\/wp-json\/wp\/v2\/posts\/526741\/revisions"}],"wp:featuredmedia":[{"embeddable":true,"href":"https:\/\/www.europesays.com\/fr\/wp-json\/wp\/v2\/media\/526742"}],"wp:attachment":[{"href":"https:\/\/www.europesays.com\/fr\/wp-json\/wp\/v2\/media?parent=526741"}],"wp:term":[{"taxonomy":"category","embeddable":true,"href":"https:\/\/www.europesays.com\/fr\/wp-json\/wp\/v2\/categories?post=526741"},{"taxonomy":"post_tag","embeddable":true,"href":"https:\/\/www.europesays.com\/fr\/wp-json\/wp\/v2\/tags?post=526741"}],"curies":[{"name":"wp","href":"https:\/\/api.w.org\/{rel}","templated":true}]}}