{"id":526743,"date":"2025-11-11T08:21:14","date_gmt":"2025-11-11T08:21:14","guid":{"rendered":"https:\/\/www.europesays.com\/fr\/526743\/"},"modified":"2025-11-11T08:21:14","modified_gmt":"2025-11-11T08:21:14","slug":"il-va-falloir-assumer-cette-honte-quand-le-xv-de-france-sinclinait-face-aux-fidji-en-2018","status":"publish","type":"post","link":"https:\/\/www.europesays.com\/fr\/526743\/","title":{"rendered":"\u00abIl va falloir assumer cette honte\u00bb, quand le XV de France s\u2019inclinait face aux Fidji en 2018"},"content":{"rendered":"<p>\n    Il y a sept ans, les Bleus conc\u00e9daient au Stade de France l\u2019unique d\u00e9faite de leur histoire face aux Fidjiens, qu\u2019ils retrouveront samedi \u00e0 Bordeaux. Retour sur une humiliation.<\/p>\n<p class=\"fig-paragraph\">\u00abNaufrage\u00bb, \u00abLe XV de France ne r\u00e9pond plus\u00bb, \u00abLes Bleus au fond du seau\u00bb. Les titres des articles du Figaro consacr\u00e9s \u00e0<a href=\"https:\/\/www.lefigaro.fr\/sports\/rugby\/xv-de-france\/actualites\/test-match-france-tonga-en-direct-934624\" data-fig-type=\"Article\" data-gtm-custom-categorie=\"navigation\" data-gtm-custom-action=\"crossclick\" data-gtm-custom-label=\"Contextuel\" data-gtm-event=\"customEventSPE\" data-fig-domain=\"LEFIGARO\" rel=\"nofollow noopener\" target=\"_blank\">\u00a0la d\u00e9faite (14-21) au Stade de France face aux Fidji<\/a>, le 24 novembre 2018, disent tout de<a href=\"https:\/\/video.lefigaro.fr\/figaro\/sports\/rugby\/xv-de-france-le-naufrage-a-moins-dun-an-du-mondial-20181126\" target=\"_blank\" data-fig-type=\"Video\" rel=\"sponsored noopener nofollow\" data-gtm-custom-categorie=\"navigation\" data-gtm-custom-action=\"crossclick\" data-gtm-custom-label=\"Contextuel\" data-gtm-event=\"customEventSPE\" data-fig-domain=\"LEFIGARO\">\u00a0l\u2019ampleur du d\u00e9sastre<\/a>. \u00c0 un an de la Coupe du monde au Japon, la troupe du s\u00e9lectionneur Jacques Brunel nourrit un peu plus encore<a href=\"https:\/\/www.lefigaro.fr\/sports\/rugby\/xv-de-france\/actualites\/le-xv-de-france-ne-repond-plus-934821\" data-fig-type=\"Article\" data-gtm-custom-categorie=\"navigation\" data-gtm-custom-action=\"crossclick\" data-gtm-custom-label=\"Contextuel\" data-gtm-event=\"customEventSPE\" data-fig-domain=\"LEFIGARO\" rel=\"nofollow noopener\" target=\"_blank\">\u00a0le pessimisme ambiant<\/a>. Ils quittent Saint-Denis sous les sifflets, domin\u00e9s par les magiciens Fidjiens. Et de passer derri\u00e8re leur adversaire du jour le lundi matin au classement mondial\u2026 Rappelons que deux semaines plus t\u00f4t, Tuisova et ses co\u00e9quipiers avaient \u00e9t\u00e9 \u00e9trill\u00e9s 54 \u00e0 7 par l\u2019\u00c9cosse\u00a0!<\/p>\n<p class=\"fig-paragraph\">Le fil du d\u00e9sastre\u00a0? Miraculeusement, gr\u00e2ce \u00e0 un doubl\u00e9 de leur capitaine Guilhem Guirado, les Bleus m\u00e8nent 14-12 \u00e0 la pause. Radradra et Tuisova ont marqu\u00e9, mais les Fidjiens se sont vus refuser deux essais (36e et 46e) pour des b\u00eatises. Pas grave puisque les Fran\u00e7ais n\u2019inscriront pas le moindre point en seconde p\u00e9riode, r\u00e9coltant les quolibets des 42.000 supporters ayant r\u00e9pondu pr\u00e9sents. \u00abBient\u00f4t, il n\u2019y aura plus personne pour siffler\u00bb, \u00e9crivions-nous alors.<\/p>\n<blockquote class=\"fig-quote&#10;    \">\n<p class=\"fig-quote__text\">Je vous ai menti parce qu\u2019on s\u2019est menti entre nous. Je suis tr\u00e8s remont\u00e9 car aucun joueur n\u2019a fait son boulot ce soir\u2026<\/p>\n<p>            Guilhem Guirado, capitaine du XV de France\n    <\/p><\/blockquote>\n<p>                                    <a class=\"fig-a11y-skip a11y-hidden\" href=\"#fig-a11y-skip-main-inarticle\"><br \/>\n        Passer la publicit\u00e9<br \/>\n    <\/a><\/p>\n<p class=\"fig-paragraph\">Un coup d\u2019\u0153il sur l<a href=\"https:\/\/www.lefigaro.fr\/sports\/rugby\/xv-de-france\/actualites\/les-notes-des-bleus-guirado-seul-bleu-sauve-du-naufrage-934724\" data-fig-type=\"Article\" data-gtm-custom-categorie=\"navigation\" data-gtm-custom-action=\"crossclick\" data-gtm-custom-label=\"Contextuel\" data-gtm-event=\"customEventSPE\" data-fig-domain=\"LEFIGARO\" rel=\"nofollow noopener\" target=\"_blank\">es notes attribu\u00e9es aux Bleus par le Figaro<\/a>\u00a0apr\u00e8s ce d\u00e9sastre pour relever que seuls Guirado (6) et Bastareaud (5) accrochent la moyenne. Yoann Maestri et Camille Lopez h\u00e9ritent des plus mauvaises (3), mais Picamoles, Serin, Huget\u2026 ne font gu\u00e8re mieux (3,5). Concernant les deux rescap\u00e9s qui portent encore le maillot bleu, Ga\u00ebl Fickou d\u00e9croche un 4, pas de note pour Julien Marchand, entr\u00e9 au relais de Guirado \u00e0 la 69e minute.<\/p>\n<p class=\"fig-paragraph\">\u00c0 l\u2019heure des confidences d\u2019apr\u00e8s humiliation, les Bleus s\u2019admonestent, une fois de plus. \u00abJe suis tr\u00e8s \u00e9nerv\u00e9. On a manqu\u00e9 de respect au maillot bleu, l\u00e2che\u00a0<a href=\"https:\/\/www.lefigaro.fr\/sports\/rugby\/xv-de-france\/actualites\/guirado-on-a-manque-de-respect-envers-le-maillot-934737\" data-fig-type=\"Article\" data-gtm-custom-categorie=\"navigation\" data-gtm-custom-action=\"crossclick\" data-gtm-custom-label=\"Contextuel\" data-gtm-event=\"customEventSPE\" data-fig-domain=\"LEFIGARO\" rel=\"nofollow noopener\" target=\"_blank\">Guilhem Guirado, m\u00e2choires serr\u00e9es<\/a>. Je vous ai menti parce qu\u2019on s\u2019est menti entre nous. Je suis tr\u00e8s remont\u00e9 car aucun joueur n\u2019a fait son boulot ce soir\u2026\u00bb\u00a0<a href=\"https:\/\/www.lefigaro.fr\/sports\/rugby\/xv-de-france\/actualites\/picamoles-cette-honte-il-va-falloir-l-assumer-934743\" data-fig-type=\"Article\" data-gtm-custom-categorie=\"navigation\" data-gtm-custom-action=\"crossclick\" data-gtm-custom-label=\"Contextuel\" data-gtm-event=\"customEventSPE\" data-fig-domain=\"LEFIGARO\" rel=\"nofollow noopener\" target=\"_blank\">Un constat partag\u00e9 par Louis Picamoles<\/a>\u00a0: \u00abOn ne s\u2019est pas respect\u00e9. Et on n\u2019a pas respect\u00e9 nos adversaires. Le score est m\u00eame flatteur pour nous\u2026\u00bb Et de conclure, blanc de rage, \u00abcette honte, il va falloir l\u2019assumer\u00bb.<\/p>\n<p>Les Bleus de 2025 sont pr\u00e9venus<\/p>\n<p class=\"fig-paragraph\">Yoann Maestri dressera un bilan amer, implacable. \u00abOn n\u2019a pas du tout le niveau des meilleures nations, on est loin d\u2019elles. (\u2026) C\u2019est une claque \u00e9norme. On a encore plus touch\u00e9 le fond.\u00bb Et Yoann Huget de conclure, accabl\u00e9\u00a0: \u00abEn face, on a quand m\u00eame les meilleurs joueurs de Top 14, des individualit\u00e9s qui se sont impos\u00e9es dans les plus grands clubs d\u2019Europe. On a manqu\u00e9 d\u2019humilit\u00e9 face \u00e0 cette \u00e9quipe.\u00bb Les Bleus de 2025 sont pr\u00e9venus.<\/p>\n<p class=\"fig-paragraph\"><strong>Le XV de d\u00e9part <\/strong>: Fall &#8211; Thomas, Bastareaud, Fickou (Doumayrou, 70e), Huget \u2013 Lopez (Belleau, 76e), Serin (Dupont, 51e) \u2013 Picamoles (Iturria, 68e), Iturria (Galletier, 59e), Lauret \u2013 Maestri, Vahaamahina (Lambey, 51e) \u2013 Slimani (Bamba, 51e), Guirado (cap., Marchand 69e), Poirot (Priso 58e).<\/p>\n<p class=\"fig-paragraph\">France\u00a0: 2 essais Guirado (25e, 40e + 2) ; 2 transformations Serin.<br \/>Fidji\u00a0: 2 essais Radradra (20e), Tuisova (31e) ; 3 p\u00e9nalit\u00e9s (44e, 58e, 80e + 2) et 1 transformation (20e) Volavola.<\/p>\n","protected":false},"excerpt":{"rendered":"Il y a sept ans, les Bleus conc\u00e9daient au Stade de France l\u2019unique d\u00e9faite de leur histoire face&hellip;\n","protected":false},"author":2,"featured_media":526744,"comment_status":"","ping_status":"","sticky":false,"template":"","format":"standard","meta":{"footnotes":""},"categories":[1416],"tags":[20024,1011,27,64611,6716,479,1468,60],"class_list":{"0":"post-526743","1":"post","2":"type-post","3":"status-publish","4":"format-standard","5":"has-post-thumbnail","7":"category-rugby","8":"tag-fidji","9":"tag-fr","10":"tag-france","11":"tag-guilhem-guirado","12":"tag-mathieu-bastareaud","13":"tag-rugby","14":"tag-rugby-football","15":"tag-sports"},"share_on_mastodon":{"url":"https:\/\/pubeurope.com\/@fr\/115530097285204730","error":""},"_links":{"self":[{"href":"https:\/\/www.europesays.com\/fr\/wp-json\/wp\/v2\/posts\/526743","targetHints":{"allow":["GET"]}}],"collection":[{"href":"https:\/\/www.europesays.com\/fr\/wp-json\/wp\/v2\/posts"}],"about":[{"href":"https:\/\/www.europesays.com\/fr\/wp-json\/wp\/v2\/types\/post"}],"author":[{"embeddable":true,"href":"https:\/\/www.europesays.com\/fr\/wp-json\/wp\/v2\/users\/2"}],"replies":[{"embeddable":true,"href":"https:\/\/www.europesays.com\/fr\/wp-json\/wp\/v2\/comments?post=526743"}],"version-history":[{"count":0,"href":"https:\/\/www.europesays.com\/fr\/wp-json\/wp\/v2\/posts\/526743\/revisions"}],"wp:featuredmedia":[{"embeddable":true,"href":"https:\/\/www.europesays.com\/fr\/wp-json\/wp\/v2\/media\/526744"}],"wp:attachment":[{"href":"https:\/\/www.europesays.com\/fr\/wp-json\/wp\/v2\/media?parent=526743"}],"wp:term":[{"taxonomy":"category","embeddable":true,"href":"https:\/\/www.europesays.com\/fr\/wp-json\/wp\/v2\/categories?post=526743"},{"taxonomy":"post_tag","embeddable":true,"href":"https:\/\/www.europesays.com\/fr\/wp-json\/wp\/v2\/tags?post=526743"}],"curies":[{"name":"wp","href":"https:\/\/api.w.org\/{rel}","templated":true}]}}