{"id":526745,"date":"2025-11-11T08:22:17","date_gmt":"2025-11-11T08:22:17","guid":{"rendered":"https:\/\/www.europesays.com\/fr\/526745\/"},"modified":"2025-11-11T08:22:17","modified_gmt":"2025-11-11T08:22:17","slug":"le-programme-du-mardi-11-novembre-a-turin-avec-alcaraz-fritz-musetti-et-de-minaur","status":"publish","type":"post","link":"https:\/\/www.europesays.com\/fr\/526745\/","title":{"rendered":"le programme du mardi 11 novembre \u00e0 Turin avec Alcaraz, Fritz, Musetti et De Minaur"},"content":{"rendered":"<p>\n\t\t\t\t\tLa phase de groupes se poursuit \u00e0 Turin avec les deux affiches du Groupe Jimmy Connors. Carlos Alcaraz affronte Taylor Fritz dans un duel entre vainqueurs du premier jour, tandis que Lorenzo Musetti tentera de rebondir face \u00e0 Alex De Minaur.\t\t\t\t<\/p>\n<p>\t\t\t\t\t<img loading=\"lazy\" width=\"527\" height=\"297\" src=\"https:\/\/www.europesays.com\/fr\/wp-content\/uploads\/2025\/11\/FINASL-scaled-e1762803635318-527x297.jpg\" class=\"attachment-csco-thumbnail-uncropped size-csco-thumbnail-uncropped wp-post-image\" alt=\"La troisi\u00e8me journ\u00e9e des Nitto ATP Finals 2025 d\u00e9bute ce mardi \u00e0 Turin (@federtennis)\" decoding=\"async\"  \/>\t\t\t\t\t<img loading=\"lazy\" width=\"1044\" height=\"588\" src=\"https:\/\/www.europesays.com\/fr\/wp-content\/uploads\/2025\/11\/FINASL-scaled-e1762803635318-1044x588.jpg\" class=\"attachment-csco-large-uncropped size-csco-large-uncropped wp-post-image\" alt=\"La troisi\u00e8me journ\u00e9e des Nitto ATP Finals 2025 d\u00e9bute ce mardi \u00e0 Turin (@federtennis)\" decoding=\"async\"  \/>\t\t\t\t<\/p>\n<p>\n\t\t\t\t\t\tLa troisi\u00e8me journ\u00e9e des Nitto ATP Finals 2025 d\u00e9bute ce mardi \u00e0 Turin (@federtennis)\t\t\t\t\t<\/p>\n<p data-start=\"638\" data-end=\"1072\">Apr\u00e8s deux journ\u00e9es d\u2019ouverture d\u00e9cal\u00e9es, le calendrier se r\u00e9organise d\u00e9sormais \u00e0 Turin. Les deux groupes alterneront \u00e0 partir de ce mardi, avec le <strong data-start=\"786\" data-end=\"810\">Groupe Jimmy Connors<\/strong> en action mardi et jeudi, et le <strong data-start=\"849\" data-end=\"870\">Groupe Bj\u00f6rn Borg<\/strong> mercredi et vendredi.<\/p>\n<p data-start=\"638\" data-end=\"1072\">La journ\u00e9e s\u2019annonce d\u00e9terminante : Alcaraz et Fritz joueront pour la premi\u00e8re place du groupe, tandis que Musetti et De Minaur tenteront d\u2019\u00e9viter une \u00e9limination pr\u00e9coce.<\/p>\n<p><strong data-start=\"1083\" data-end=\"1115\">O\u00f9 regarder les ATP Finals ?<\/strong><\/p>\n<p><strong data-start=\"1187\" data-end=\"1216\">La programmation compl\u00e8te<\/strong><\/p>\n<p data-start=\"1217\" data-end=\"1244\"><strong data-start=\"1217\" data-end=\"1242\">Pala Alpitour \u2013 Turin<\/strong><\/p>\n<p data-start=\"1465\" data-end=\"2007\">Le choc du jour opposera <strong data-start=\"1490\" data-end=\"1508\">Carlos Alcaraz<\/strong> \u00e0 <strong data-start=\"1511\" data-end=\"1527\">Taylor Fritz<\/strong>, dans un duel au sommet entre les deux vainqueurs du premier jour. L\u2019Espagnol m\u00e8ne nettement le face-\u00e0-face (<strong data-start=\"1637\" data-end=\"1644\">4-1<\/strong>), la seule d\u00e9faite ayant \u00e9t\u00e9 conc\u00e9d\u00e9e lors de la <strong data-start=\"1694\" data-end=\"1712\">Laver Cup 2025<\/strong>, un \u00e9v\u00e9nement consid\u00e9r\u00e9 comme plus exhibitionnel que comp\u00e9titif.<\/p>\n<blockquote class=\"twitter-tweet\">\n<p dir=\"ltr\" lang=\"fr\">\ud83d\udd34 WORLD 7\ufe0f\u20e3-3\ufe0f\u20e3 EUROPE \ud83d\udd35<\/p>\n<p>Taylor Fritz domine compl\u00e8tement Carlos Alcaraz (6-3, 6-2) et donne 4 points d\u2019avance \u00e0 la Team World en Laver Cup. \ud83c\uddfa\ud83c\uddf8<\/p>\n<p>Les matchs \u00e9tant comptabilis\u00e9s officiellement, l\u2019Espagnol conc\u00e8de donc sa 7e d\u00e9faite de la saison. \u274c<a href=\"https:\/\/t.co\/PPtf8OFnl9\">pic.twitter.com\/PPtf8OFnl9<\/a><\/p>\n<p>\u2014 Univers Tennis \ud83c\udfbe (@UniversTennis) <a href=\"https:\/\/twitter.com\/UniversTennis\/status\/1969611975777788369?ref_src=twsrc%5Etfw\" target=\"_blank\" rel=\"noopener\">September 21, 2025<\/a><\/p>\n<\/blockquote>\n<p data-start=\"1465\" data-end=\"2007\">Quelques jours plus tard, le n\u00b01 mondial avait pris sa revanche en remportant la <strong data-start=\"1859\" data-end=\"1897\">finale du tournoi ATP 500 de Tokyo <\/strong>en deux sets. Le vainqueur de cette rencontre prendra seul la t\u00eate du groupe et fera un grand pas vers les demi-finales.<\/p>\n<p data-start=\"2009\" data-end=\"2666\">En soir\u00e9e, <strong data-start=\"2020\" data-end=\"2039\">Lorenzo Musetti<\/strong> aura fort \u00e0 faire face \u00e0 <strong data-start=\"2065\" data-end=\"2083\">Alex De Minaur<\/strong>. L\u2019Italien m\u00e8ne le face-\u00e0-face (<strong data-start=\"2116\" data-end=\"2123\">3-1<\/strong>) gr\u00e2ce \u00e0 trois succ\u00e8s cons\u00e9cutifs, mais a perdu leur unique affrontement sur dur, \u00e0 <strong data-start=\"2208\" data-end=\"2235\">l\u2019Open d\u2019Australie 2022<\/strong>.<\/p>\n<p data-start=\"2009\" data-end=\"2666\">Apr\u00e8s sa d\u00e9faite contre Fritz lundi, le Toscan pourrait payer les efforts accumul\u00e9s lors de sa <strong data-start=\"2332\" data-end=\"2352\">finale \u00e0 Ath\u00e8nes<\/strong> la semaine pass\u00e9e, avant d\u2019encha\u00eener deux matchs en deux jours \u00e0 Turin.<\/p>\n<p data-start=\"2009\" data-end=\"2666\">Face \u00e0 lui, <strong data-start=\"2437\" data-end=\"2450\">De Minaur<\/strong>, auteur d\u2019un bon match contre Alcaraz en ouverture, voudra capitaliser sur sa fra\u00eecheur et son intensit\u00e9 de fond de court. Pour les deux joueurs, <strong data-start=\"2597\" data-end=\"2663\">une nouvelle d\u00e9faite pourrait d\u00e9j\u00e0 \u00eatre synonyme d\u2019\u00e9limination<\/strong>.<\/p>\n<p>\t\t\t<script async src=\"https:\/\/platform.twitter.com\/widgets.js\" charset=\"utf-8\"><\/script><\/p>\n","protected":false},"excerpt":{"rendered":"La phase de groupes se poursuit \u00e0 Turin avec les deux affiches du Groupe Jimmy Connors. Carlos Alcaraz&hellip;\n","protected":false},"author":2,"featured_media":526746,"comment_status":"","ping_status":"","sticky":false,"template":"","format":"standard","meta":{"footnotes":""},"categories":[1415],"tags":[62964,1011,27,60,1467],"class_list":{"0":"post-526745","1":"post","2":"type-post","3":"status-publish","4":"format-standard","5":"has-post-thumbnail","7":"category-tennis","8":"tag-atp-finals","9":"tag-fr","10":"tag-france","11":"tag-sports","12":"tag-tennis"},"share_on_mastodon":{"url":"https:\/\/pubeurope.com\/@fr\/115530102030365153","error":""},"_links":{"self":[{"href":"https:\/\/www.europesays.com\/fr\/wp-json\/wp\/v2\/posts\/526745","targetHints":{"allow":["GET"]}}],"collection":[{"href":"https:\/\/www.europesays.com\/fr\/wp-json\/wp\/v2\/posts"}],"about":[{"href":"https:\/\/www.europesays.com\/fr\/wp-json\/wp\/v2\/types\/post"}],"author":[{"embeddable":true,"href":"https:\/\/www.europesays.com\/fr\/wp-json\/wp\/v2\/users\/2"}],"replies":[{"embeddable":true,"href":"https:\/\/www.europesays.com\/fr\/wp-json\/wp\/v2\/comments?post=526745"}],"version-history":[{"count":0,"href":"https:\/\/www.europesays.com\/fr\/wp-json\/wp\/v2\/posts\/526745\/revisions"}],"wp:featuredmedia":[{"embeddable":true,"href":"https:\/\/www.europesays.com\/fr\/wp-json\/wp\/v2\/media\/526746"}],"wp:attachment":[{"href":"https:\/\/www.europesays.com\/fr\/wp-json\/wp\/v2\/media?parent=526745"}],"wp:term":[{"taxonomy":"category","embeddable":true,"href":"https:\/\/www.europesays.com\/fr\/wp-json\/wp\/v2\/categories?post=526745"},{"taxonomy":"post_tag","embeddable":true,"href":"https:\/\/www.europesays.com\/fr\/wp-json\/wp\/v2\/tags?post=526745"}],"curies":[{"name":"wp","href":"https:\/\/api.w.org\/{rel}","templated":true}]}}