{"id":526747,"date":"2025-11-11T08:26:11","date_gmt":"2025-11-11T08:26:11","guid":{"rendered":"https:\/\/www.europesays.com\/fr\/526747\/"},"modified":"2025-11-11T08:26:11","modified_gmt":"2025-11-11T08:26:11","slug":"quand-prendre-le-train-avec-son-velo-se-transforme-en-parcours-du-combattant","status":"publish","type":"post","link":"https:\/\/www.europesays.com\/fr\/526747\/","title":{"rendered":"quand prendre le train avec son v\u00e9lo se transforme en parcours du combattant"},"content":{"rendered":"<p>\n    Les utilisateurs, toujours plus nombreux \u00e0 emprunter le train avec leur bicyclette, s\u2019\u00e9meuvent des obstacles sur la route, lors de voyages qui peuvent devenir \u00abdantesques\u00bb.<\/p>\n<p class=\"fig-paragraph\">Pour ses vacances, Gr\u00e9goire se rend \u00e0 Strasbourg en train, au d\u00e9part d\u2019Aurillac, en passant par Lyon. L\u2019\u00e9tudiant en droit \u00e2g\u00e9 de 23 ans d\u2019origine auvergnate a tout pr\u00e9vu\u00a0: sa correspondance, ses bagages, et m\u00eame un\u00a0<a href=\"http:\/\/www.lefigaro.fr\/conso\/un-minimum-de-huit-emplacements-pour-velos-sera-obligatoire-dans-les-trains-neufs-ou-renoves-20210120\" target=\"_blank\" data-fig-type=\"NewsFlash\" rel=\"noopener\" data-gtm-custom-categorie=\"navigation\" data-gtm-custom-action=\"crossclick\" data-gtm-custom-label=\"Contextuel\" data-gtm-event=\"customEventSPE\" data-fig-domain=\"LEFIGARO\">emplacement v\u00e9lo<\/a>\u00a0r\u00e9serv\u00e9 dans le TGV vers la r\u00e9gion Grand Est. Un \u00abl\u00e9ger retard\u00bb pointe le bout de son nez, en gare de Saint-\u00c9tienne mais jusque-l\u00e0 \u00abrien d\u2019anormal\u00bb. Puis, \u00e0 Lyon, son p\u00e9riple se complique. Il doit emprunter des escaliers, avec son v\u00e9lo, puis descendre sur le quai en escalator. Au bord des rails, alors que son train s\u2019appr\u00eate \u00e0 partir, des contr\u00f4leurs l\u2019interpellent\u00a0: \u00abVous ne pouvez pas monter dans ce train avec un v\u00e9lo non d\u00e9mont\u00e9\u00bb. Et ce, alors que son billet le stipule noir sur blanc.<\/p>\n<p class=\"fig-paragraph\">Dans l\u2019urgence, Gr\u00e9goire monte dans le wagon en faisant fi de l\u2019interpellation des agents. Pas question pour lui de rater le train. Une fois \u00e0 bord, nouvelle d\u00e9convenue\u00a0: une ribambelle de bagages obstruent l\u2019espace v\u00e9lo d\u00e9di\u00e9. Le chef du train reconna\u00eetra l\u2019erreur de \u00abcoll\u00e8gues mal renseign\u00e9s\u00bb et fera d\u00e9placer les valises ailleurs. En sueur apr\u00e8s cet \u00e9pisode d\u00e9sagr\u00e9able, le jeune homme peut enfin souffler. Il y voit pourtant une nouvelle preuve, apr\u00e8s plusieurs exp\u00e9riences similaires \u00abdantesques\u00bb, que transporter un v\u00e9lo dans le train est \u00ab bien trop souvent la croix et la banni\u00e8re\u00bb.<\/p>\n<p class=\"fig-premium-paywall__infos\">\n        Cet article est r\u00e9serv\u00e9 aux abonn\u00e9s.        Il vous reste 81% \u00e0 d\u00e9couvrir.\n    <\/p>\n<p>                <img  data- alt=\"Le Figaro\" class=\"fig-img--complete fig-img\"\/><\/p>\n<p class=\"fig-premium-paywall__title\">Black Friday<\/p>\n<p class=\"fig-premium-paywall__subtitle\">-70% sur l&rsquo;abonnement num\u00e9rique<\/p>\n<p class=\"fig-premium-paywall__connect\">\n                D\u00e9j\u00e0 abonn\u00e9\u00a0?                <a class=\"fig-premium-paywall__connect-link\" href=\"https:\/\/connect.lefigaro.fr\/login?client=horizon_web&amp;type=main&amp;redirect_uri=https%3A%2F%2Fwww.lefigaro.fr%2Fconjoncture%2Fla-croix-et-la-banniere-quand-prendre-le-train-avec-son-velo-se-transforme-en-parcours-du-combattant-20251111\" data-js-gtm=\"{&quot;customCategorie&quot;: &quot;conversion&quot;, &quot;customAction&quot;: &quot;before_Landing_Connexion_paywall_manuel&quot;, &quot;customLabel&quot;: &quot;bGVmaWdhcm8uZnJfXzFmMGFmMjE4LTcxYzctNmZmNi05N2UyLTk1ZmIwMmEwMzIzMF9fQXJ0aWNsZQ==_\u00abLa croix et la banni\u00e8re\u00bb\u00a0: quand prendre le train avec son v\u00e9lo se transforme en parcours du combattant_623&quot;, &quot;customIDSPE&quot;: &quot;bGVmaWdhcm8uZnJfXzFmMGFmMjE4LTcxYzctNmZmNi05N2UyLTk1ZmIwMmEwMzIzMF9fQXJ0aWNsZQ==&quot;, &quot;event&quot;: &quot;customEventSPE&quot;}\" target=\"_blank\" rel=\"noopener\"><br \/>\n                    Connectez-vous<br \/>\n                <\/a>\n            <\/p>\n","protected":false},"excerpt":{"rendered":"Les utilisateurs, toujours plus nombreux \u00e0 emprunter le train avec leur bicyclette, s\u2019\u00e9meuvent des obstacles sur la route,&hellip;\n","protected":false},"author":2,"featured_media":526748,"comment_status":"","ping_status":"","sticky":false,"template":"","format":"standard","meta":{"footnotes":""},"categories":[1411],"tags":[1154,207,1011,27,60,926,208,586],"class_list":{"0":"post-526747","1":"post","2":"type-post","3":"status-publish","4":"format-standard","5":"has-post-thumbnail","7":"category-cyclisme","8":"tag-cycling","9":"tag-cyclisme","10":"tag-fr","11":"tag-france","12":"tag-sports","13":"tag-train","14":"tag-velo","15":"tag-voyage"},"share_on_mastodon":{"url":"https:\/\/pubeurope.com\/@fr\/115530116947805318","error":""},"_links":{"self":[{"href":"https:\/\/www.europesays.com\/fr\/wp-json\/wp\/v2\/posts\/526747","targetHints":{"allow":["GET"]}}],"collection":[{"href":"https:\/\/www.europesays.com\/fr\/wp-json\/wp\/v2\/posts"}],"about":[{"href":"https:\/\/www.europesays.com\/fr\/wp-json\/wp\/v2\/types\/post"}],"author":[{"embeddable":true,"href":"https:\/\/www.europesays.com\/fr\/wp-json\/wp\/v2\/users\/2"}],"replies":[{"embeddable":true,"href":"https:\/\/www.europesays.com\/fr\/wp-json\/wp\/v2\/comments?post=526747"}],"version-history":[{"count":0,"href":"https:\/\/www.europesays.com\/fr\/wp-json\/wp\/v2\/posts\/526747\/revisions"}],"wp:featuredmedia":[{"embeddable":true,"href":"https:\/\/www.europesays.com\/fr\/wp-json\/wp\/v2\/media\/526748"}],"wp:attachment":[{"href":"https:\/\/www.europesays.com\/fr\/wp-json\/wp\/v2\/media?parent=526747"}],"wp:term":[{"taxonomy":"category","embeddable":true,"href":"https:\/\/www.europesays.com\/fr\/wp-json\/wp\/v2\/categories?post=526747"},{"taxonomy":"post_tag","embeddable":true,"href":"https:\/\/www.europesays.com\/fr\/wp-json\/wp\/v2\/tags?post=526747"}],"curies":[{"name":"wp","href":"https:\/\/api.w.org\/{rel}","templated":true}]}}