{"id":526791,"date":"2025-11-11T08:51:24","date_gmt":"2025-11-11T08:51:24","guid":{"rendered":"https:\/\/www.europesays.com\/fr\/526791\/"},"modified":"2025-11-11T08:51:24","modified_gmt":"2025-11-11T08:51:24","slug":"photos-retrouvez-les-images-de-la-rencontre-entre-les-dragons-de-rouen-et-les-gothiques-damiens","status":"publish","type":"post","link":"https:\/\/www.europesays.com\/fr\/526791\/","title":{"rendered":"PHOTOS : Retrouvez les images de la rencontre entre les Dragons de Rouen et les Gothiques d&rsquo;Amiens"},"content":{"rendered":"<p>\n                    Publi\u00e9 le 11 novembre 2025<br \/>\n                    Modifi\u00e9 le 11\/11\/25\n                <\/p>\n<p>\n                    Par Th\u00e9o B\u00e9gler<br \/>\n                    Pour Gazette Sports\n                <\/p>\n<p>                    <img fetchpriority=\"high\" width=\"900\" height=\"600\" src=\"https:\/\/www.europesays.com\/fr\/wp-content\/uploads\/2025\/11\/hockey-sur-glace_ligue-magnus-j15_dragons-de-rouen-gothiques-amiens_gazette-sports_theo-begler_024.j.jpeg\" class=\"attachment-full size-full wp-post-image\" alt=\"hockey sur glace ligue magnus j15 dragons de rouen gothiques amiens gazette sports theo begler 024\" itemprop=\"image\" decoding=\"async\"  \/>                                            \u24b8 Gazette Sports<\/p>\n<p>                <a class=\"article-leaderboard\" target=\"_blank\" href=\"https:\/\/www.oyezoyez.fr\/\" rel=\"nofollow noopener\"><br \/>\n                    <img loading=\"lazy\" decoding=\"async\" width=\"728\" height=\"90\" src=\"https:\/\/www.europesays.com\/fr\/wp-content\/uploads\/2025\/10\/Banniere_oyez_oyez.gif\" alt=\"Publicit\u00e9 des articles du site GazetteSports\"\/><br \/>\n                <\/a><\/p>\n<p>Moins apathiques que lors de leur derni\u00e8re sortie \u00e0 Anglet, les Gothiques d\u2019Amiens ont en revanche eu du mal \u00e0 exister face \u00e0 des Dragons de Rouen bien sup\u00e9rieurs dans tous les secteurs de jeu (6-2).<\/p>\n<p><strong>L\u2019ensemble des \u0153uvres pr\u00e9sentes dans les albums est couvert par des droits d\u2019auteur. Toute extraction et\/ou reproduction est interdite sans l\u2019autorisation des auteurs et du m\u00e9dia.<\/strong><\/p>\n<p><a href=\"https:\/\/citdessaint.com\/\" aria-label=\"publicite cit dessaint 2 gazette sports\" rel=\"nofollow noopener\" target=\"_blank\"><img loading=\"lazy\" decoding=\"async\" src=\"https:\/\/www.europesays.com\/fr\/wp-content\/uploads\/2025\/10\/1761480080_384_PUBLICITE-CIT-DESSAINT-2-GAZETTE-SPORTS.gif\" alt=\"publicite cit dessaint 2 gazette sports\" width=\"760\" height=\"90\"\/><\/a><\/p>\n<p>Cr\u00e9dit photo : Th\u00e9o B\u00e9gler \u2013 Gazette Sports<\/p>\n","protected":false},"excerpt":{"rendered":"Publi\u00e9 le 11 novembre 2025 Modifi\u00e9 le 11\/11\/25 Par Th\u00e9o B\u00e9gler Pour Gazette Sports \u24b8 Gazette Sports Moins&hellip;\n","protected":false},"author":2,"featured_media":526792,"comment_status":"","ping_status":"","sticky":false,"template":"","format":"standard","meta":{"footnotes":""},"categories":[9587],"tags":[1111,11,1777,674,1011,27,12,5161,25,9590],"class_list":{"0":"post-526791","1":"post","2":"type-post","3":"status-publish","4":"format-standard","5":"has-post-thumbnail","7":"category-rouen","8":"tag-actu","9":"tag-actualites","10":"tag-eu","11":"tag-europe","12":"tag-fr","13":"tag-france","14":"tag-news","15":"tag-normandie","16":"tag-republique-francaise","17":"tag-rouen"},"share_on_mastodon":{"url":"https:\/\/pubeurope.com\/@fr\/115530215903143349","error":""},"_links":{"self":[{"href":"https:\/\/www.europesays.com\/fr\/wp-json\/wp\/v2\/posts\/526791","targetHints":{"allow":["GET"]}}],"collection":[{"href":"https:\/\/www.europesays.com\/fr\/wp-json\/wp\/v2\/posts"}],"about":[{"href":"https:\/\/www.europesays.com\/fr\/wp-json\/wp\/v2\/types\/post"}],"author":[{"embeddable":true,"href":"https:\/\/www.europesays.com\/fr\/wp-json\/wp\/v2\/users\/2"}],"replies":[{"embeddable":true,"href":"https:\/\/www.europesays.com\/fr\/wp-json\/wp\/v2\/comments?post=526791"}],"version-history":[{"count":0,"href":"https:\/\/www.europesays.com\/fr\/wp-json\/wp\/v2\/posts\/526791\/revisions"}],"wp:featuredmedia":[{"embeddable":true,"href":"https:\/\/www.europesays.com\/fr\/wp-json\/wp\/v2\/media\/526792"}],"wp:attachment":[{"href":"https:\/\/www.europesays.com\/fr\/wp-json\/wp\/v2\/media?parent=526791"}],"wp:term":[{"taxonomy":"category","embeddable":true,"href":"https:\/\/www.europesays.com\/fr\/wp-json\/wp\/v2\/categories?post=526791"},{"taxonomy":"post_tag","embeddable":true,"href":"https:\/\/www.europesays.com\/fr\/wp-json\/wp\/v2\/tags?post=526791"}],"curies":[{"name":"wp","href":"https:\/\/api.w.org\/{rel}","templated":true}]}}