{"id":526801,"date":"2025-11-11T08:59:16","date_gmt":"2025-11-11T08:59:16","guid":{"rendered":"https:\/\/www.europesays.com\/fr\/526801\/"},"modified":"2025-11-11T08:59:16","modified_gmt":"2025-11-11T08:59:16","slug":"lauterbourg-jeune-judoka-prometteur-etienne-hiebel-rejoint-le-pole-espoir-de-strasbourg","status":"publish","type":"post","link":"https:\/\/www.europesays.com\/fr\/526801\/","title":{"rendered":"Lauterbourg. Jeune judoka prometteur,\u00a0\u00c9tienne Hiebel rejoint le p\u00f4le espoir de Strasbourg"},"content":{"rendered":"<p>\u00c0 la rentr\u00e9e de septembre dernier, \u00c9tienne Hiebel, jeune judoka prometteur du <a href=\"https:\/\/www.dna.fr\/sport\/2024\/06\/28\/plus-de-80-nouvelles-ceintures-remises-aux-judokas-du-judo-club-edmond-vollmer\" target=\"_blank\" rel=\"noopener\">judo club Edmond-Vollmer<\/a> de Lauterbourg, a int\u00e9gr\u00e9 le p\u00f4le espoir judo de Strasbourg apr\u00e8s avoir brillamment r\u00e9ussi les tests de s\u00e9lection.<\/p>\n<p>Ce succ\u00e8s est le fruit de son engagement sans faille, de sa d\u00e9termination et de l\u2019encadrement de qualit\u00e9 qu\u2019il re\u00e7oit.<\/p>\n<p>  Rigueur, endurance et sacrifices<\/p>\n<p>En parall\u00e8le de son parcours sportif, \u00c9tienne poursuit \u00e9galement ses \u00e9tudes avec constance, alliant exigence sportive et acad\u00e9mique. Ce nouvel accomplissement est aussi l\u2019occasion de retrouver son fr\u00e8re Beno\u00eet, d\u00e9j\u00e0 pensionnaire du p\u00f4le espoir depuis un an.<\/p>\n<p>Une belle fiert\u00e9 familiale pour l\u2019entra\u00eeneur des deux gar\u00e7ons, qui n\u2019est autre que leur papa. Il a su stimuler leur curiosit\u00e9 en leur donnant l\u2019envie de suivre ce parcours atypique et en leur transmettant sa passion avec <a href=\"https:\/\/www.dna.fr\/sport\/2025\/07\/23\/les-valeurs-du-judo-sont-applicables-dans-la-vie-de-tous-les-jours\" target=\"_blank\" rel=\"noopener\">les valeurs que refl\u00e8te le judo<\/a>.<\/p>\n<p>C\u2019est aussi l\u2019occasion pour le club de Lauterbourg d\u2019avoir un rayonnement suppl\u00e9mentaire concr\u00e9tisant une dynamique de qualit\u00e9, qui voit en deux ann\u00e9es, deux de ses \u00e9l\u00e8ves partir en structure de haut niveau. Int\u00e9grer le p\u00f4le espoir est une chance qui n\u2019est pas \u00e0 la port\u00e9e de tous. Cela demande beaucoup de rigueur, d\u2019endurance et de sacrifices. C\u2019est vers cette voie qu\u2019\u00c9tienne s\u2019est orient\u00e9 r\u00e9pondant ainsi \u00e0 ses ambitions personnelles. Nul doute que les deux fr\u00e8res Hiebel feront encore parler d\u2019eux dans un futur proche.<\/p>\n","protected":false},"excerpt":{"rendered":"\u00c0 la rentr\u00e9e de septembre dernier, \u00c9tienne Hiebel, jeune judoka prometteur du judo club Edmond-Vollmer de Lauterbourg, a&hellip;\n","protected":false},"author":2,"featured_media":526802,"comment_status":"","ping_status":"","sticky":false,"template":"","format":"standard","meta":{"footnotes":""},"categories":[2820],"tags":[1111,11,4877,1777,674,107,1011,27,775,13739,49544,12,25,49545,517,21508,640],"class_list":{"0":"post-526801","1":"post","2":"type-post","3":"status-publish","4":"format-standard","5":"has-post-thumbnail","7":"category-strasbourg","8":"tag-actu","9":"tag-actualites","10":"tag-edition-haguenau-wissembourg","11":"tag-eu","12":"tag-europe","13":"tag-fil-info","14":"tag-fr","15":"tag-france","16":"tag-grand-est","17":"tag-judo","18":"tag-lauterbourg","19":"tag-news","20":"tag-republique-francaise","21":"tag-secteur-de-lauterbourg","22":"tag-sport","23":"tag-sports-de-combat","24":"tag-strasbourg"},"share_on_mastodon":{"url":"https:\/\/pubeurope.com\/@fr\/115530246763962328","error":""},"_links":{"self":[{"href":"https:\/\/www.europesays.com\/fr\/wp-json\/wp\/v2\/posts\/526801","targetHints":{"allow":["GET"]}}],"collection":[{"href":"https:\/\/www.europesays.com\/fr\/wp-json\/wp\/v2\/posts"}],"about":[{"href":"https:\/\/www.europesays.com\/fr\/wp-json\/wp\/v2\/types\/post"}],"author":[{"embeddable":true,"href":"https:\/\/www.europesays.com\/fr\/wp-json\/wp\/v2\/users\/2"}],"replies":[{"embeddable":true,"href":"https:\/\/www.europesays.com\/fr\/wp-json\/wp\/v2\/comments?post=526801"}],"version-history":[{"count":0,"href":"https:\/\/www.europesays.com\/fr\/wp-json\/wp\/v2\/posts\/526801\/revisions"}],"wp:featuredmedia":[{"embeddable":true,"href":"https:\/\/www.europesays.com\/fr\/wp-json\/wp\/v2\/media\/526802"}],"wp:attachment":[{"href":"https:\/\/www.europesays.com\/fr\/wp-json\/wp\/v2\/media?parent=526801"}],"wp:term":[{"taxonomy":"category","embeddable":true,"href":"https:\/\/www.europesays.com\/fr\/wp-json\/wp\/v2\/categories?post=526801"},{"taxonomy":"post_tag","embeddable":true,"href":"https:\/\/www.europesays.com\/fr\/wp-json\/wp\/v2\/tags?post=526801"}],"curies":[{"name":"wp","href":"https:\/\/api.w.org\/{rel}","templated":true}]}}