{"id":526807,"date":"2025-11-11T09:03:25","date_gmt":"2025-11-11T09:03:25","guid":{"rendered":"https:\/\/www.europesays.com\/fr\/526807\/"},"modified":"2025-11-11T09:03:25","modified_gmt":"2025-11-11T09:03:25","slug":"bouguenais-les-nouveaux-habitants-accueillis-par-les-elus","status":"publish","type":"post","link":"https:\/\/www.europesays.com\/fr\/526807\/","title":{"rendered":"Bouguenais. Les nouveaux habitants accueillis par les \u00e9lus"},"content":{"rendered":"<p>Les nouveaux habitants ont \u00e9t\u00e9 re\u00e7us, samedi, par la municipalit\u00e9, au Piano\u2019cktail, apr\u00e8s avoir parcouru, en bus, la commune pour voir les nombreux \u00e9quipements et secteurs d\u2019activit\u00e9s. Des visiteurs surpris de la d\u00e9couvrir scind\u00e9e en deux centralit\u00e9s bien distinctes entre le bourg et son extension de la Croix-Jeannette et les Cou\u00ebts, accueillant les grandes entreprises proches de l\u2019a\u00e9roport.<\/p>\n<p>Pourtant, on s\u2019efforce de maintenir 60 % du territoire en espaces naturels et agricoles, pour rester fid\u00e8les \u00e0 l\u2019image de ville \u00e0 la campagne. On sait aussi se tourner vers l\u2019avenir, puisqu\u2019on parle aussi de cr\u00e9er, dans dix ans, une halte ferroviaire pr\u00e8s de l\u2019a\u00e9roport pour les voyageurs venus des communes environnantes, explique Philippe Lecorre, adjoint \u00e0 la tranquillit\u00e9 publique et aux mobilit\u00e9s.<\/p>\n<p>Des plaquettes et magazines leur ont \u00e9t\u00e9 remis \u00e0 chacun, ainsi que des produits locaux. Certains nouveaux habitants ont d\u00e9j\u00e0 trouv\u00e9 dans les 300 associations locales, les sports, les loisirs ou le service social qui leur convient.<\/p>\n<p>Un jeune couple habitant Carquefou revient sur ses origines du sud Loire : <strong>\u00ab Dans un mois, nous aurons notre maison \u00e0 la Croix-Jeannette, trop heureux de revenir \u00e0 Bouguenais.\u00bb<\/strong><\/p>\n<p>\u00a0<\/p>\n","protected":false},"excerpt":{"rendered":"Les nouveaux habitants ont \u00e9t\u00e9 re\u00e7us, samedi, par la municipalit\u00e9, au Piano\u2019cktail, apr\u00e8s avoir parcouru, en bus, la&hellip;\n","protected":false},"author":2,"featured_media":526808,"comment_status":"","ping_status":"","sticky":false,"template":"","format":"standard","meta":{"footnotes":""},"categories":[2818],"tags":[34706,1111,11,5173,10153,1777,674,1011,27,4021,766,12,2845,2636,25],"class_list":{"0":"post-526807","1":"post","2":"type-post","3":"status-publish","4":"format-standard","5":"has-post-thumbnail","7":"category-nantes","8":"tag-accueillis","9":"tag-actu","10":"tag-actualites","11":"tag-bouguenais","12":"tag-elus","13":"tag-eu","14":"tag-europe","15":"tag-fr","16":"tag-france","17":"tag-habitants","18":"tag-nantes","19":"tag-news","20":"tag-nouveaux","21":"tag-pays-de-la-loire","22":"tag-republique-francaise"},"share_on_mastodon":{"url":"https:\/\/pubeurope.com\/@fr\/115530262383961985","error":""},"_links":{"self":[{"href":"https:\/\/www.europesays.com\/fr\/wp-json\/wp\/v2\/posts\/526807","targetHints":{"allow":["GET"]}}],"collection":[{"href":"https:\/\/www.europesays.com\/fr\/wp-json\/wp\/v2\/posts"}],"about":[{"href":"https:\/\/www.europesays.com\/fr\/wp-json\/wp\/v2\/types\/post"}],"author":[{"embeddable":true,"href":"https:\/\/www.europesays.com\/fr\/wp-json\/wp\/v2\/users\/2"}],"replies":[{"embeddable":true,"href":"https:\/\/www.europesays.com\/fr\/wp-json\/wp\/v2\/comments?post=526807"}],"version-history":[{"count":0,"href":"https:\/\/www.europesays.com\/fr\/wp-json\/wp\/v2\/posts\/526807\/revisions"}],"wp:featuredmedia":[{"embeddable":true,"href":"https:\/\/www.europesays.com\/fr\/wp-json\/wp\/v2\/media\/526808"}],"wp:attachment":[{"href":"https:\/\/www.europesays.com\/fr\/wp-json\/wp\/v2\/media?parent=526807"}],"wp:term":[{"taxonomy":"category","embeddable":true,"href":"https:\/\/www.europesays.com\/fr\/wp-json\/wp\/v2\/categories?post=526807"},{"taxonomy":"post_tag","embeddable":true,"href":"https:\/\/www.europesays.com\/fr\/wp-json\/wp\/v2\/tags?post=526807"}],"curies":[{"name":"wp","href":"https:\/\/api.w.org\/{rel}","templated":true}]}}