{"id":526815,"date":"2025-11-11T09:07:16","date_gmt":"2025-11-11T09:07:16","guid":{"rendered":"https:\/\/www.europesays.com\/fr\/526815\/"},"modified":"2025-11-11T09:07:16","modified_gmt":"2025-11-11T09:07:16","slug":"3-departements-doccitanie-sous-surveillance","status":"publish","type":"post","link":"https:\/\/www.europesays.com\/fr\/526815\/","title":{"rendered":"3 d\u00e9partements d&rsquo;Occitanie sous surveillance"},"content":{"rendered":"<p>            Par<br \/>\n        <strong><br \/>\n            <a href=\"https:\/\/actu.fr\/auteur\/david-saint-sernin\" title=\"Consulter tous les articles de David Saint-Sernin\" rel=\"nofollow noopener\" target=\"_blank\">David Saint-Sernin<\/a><br \/>\n        <\/strong><\/p>\n<p>        Publi\u00e9 le<\/p>\n<p>            11 nov. 2025 \u00e0 9h47        <\/p>\n<p>Ce mardi 11 novembre 2025 va voir le retour du <strong>vent d\u2019autan<\/strong> <a href=\"https:\/\/actu.fr\/toulouse\/\" rel=\"nofollow noopener\" target=\"_blank\">\u00e0 Toulouse<\/a> et en Occitanie. Ce vent va se lever d\u00e8s la mi-journ\u00e9e dans le Lauragais, \u00e0 l\u2019est de la Ville rose, et au sud du Tarn. Les rafales resteront n\u00e9anmoins mod\u00e9r\u00e9es, de l\u2019ordre de 65 km\/h au maximum selon<strong> M\u00e9t\u00e9o France.<\/strong><\/p>\n<p>Vigilance jaune aux vents violents d\u00e8s mercredi<\/p>\n<p class=\" wall-content\">Le <strong>vent d\u2019autan va se renforcer d\u00e8s ce mercredi<\/strong> en Occitanie. M\u00e9t\u00e9o France a d\u2019ores et d\u00e9j\u00e0 plac\u00e9 trois d\u00e9partements en vigilance jaune aux vents violents : la Haute-Garonne, le Tarn, et l\u2019Aveyron.<\/p>\n<p class=\" wall-content\">Des rafales jusqu\u2019\u00e0 80 km\/h pourront \u00eatre enregistr\u00e9es en Haute-Garonne et dans le Tarn, \u00e9picentre du ph\u00e9nom\u00e8ne.\u00a0<\/p>\n<p class=\" wall-content\">\n    <img   decoding=\"async\" loading=\"lazy\" src=\"https:\/\/www.europesays.com\/fr\/wp-content\/uploads\/2025\/11\/capture-decran-2025-11-11-085517-960x640.png\" alt=\"ssss\" width=\"960\" height=\"640\"\/><br \/>\n    La m\u00e9t\u00e9o du mercredi 12 novembre au matin (\u00a9M\u00e9t\u00e9o France)<br \/>\n    <img   decoding=\"async\" loading=\"lazy\" src=\"https:\/\/www.europesays.com\/fr\/wp-content\/uploads\/2025\/11\/capture-decran-2025-11-11-085525-960x640.png\" alt=\"La m\u00e9t\u00e9o du mercredi 12 novembre, dans l'apr\u00e8s-midi.\" width=\"960\" height=\"640\"\/><br \/>\n    La m\u00e9t\u00e9o du mercredi 12 novembre, dans l\u2019apr\u00e8s-midi. (\u00a9M\u00e9t\u00e9o France)<\/p>\n<p>Le pic attendu jeudi et vendredi<\/p>\n<p class=\" wall-content\"><strong>Le vent va continuer \u00e0 se renforcer jeudi et vendredi<\/strong> avec une zone g\u00e9ographique qui va s\u2019\u00e9largir.<\/p>\n<p class=\" wall-content\">Except\u00e9 les Hautes-Pyr\u00e9n\u00e9es et l\u2019Ari\u00e8ge, tous les d\u00e9partements d\u2019Occitanie seront alors concern\u00e9s. L\u2019\u00e9picentre restera n\u00e9anmoins positionn\u00e9 sur le Lauragais et la Montagne Noire.<\/p>\n<p>Des rafales \u00e0 110-120 km\/ sur les cr\u00eates<\/p>\n<p class=\" wall-content\">A Toulouse et \u00e0 l\u2019Est de Toulouse, les rafales pourront alors <strong>atteindre 90 \u00e0 100 km\/h en plaine. <\/strong>Sur les cr\u00eates, comme d\u2019habitude, les rafales pourraient atteindre 110 \u00e0 120 km\/h. C\u2019est souvent le cas dans la zone de<strong> Dourgne<\/strong> en Haute-Garonne. D\u00e9but novembre, des rafales sup\u00e9rieures \u00e0 110 km\/h ont \u00e9t\u00e9 mesur\u00e9es \u00e0 <strong>Sor\u00e8ze.<\/strong><\/p>\n<p>Vid\u00e9os : en ce moment sur Actu<\/p>\n<p class=\" wall-content\">Ce nouvel \u00e9pisode de vent d\u2019autan commencera \u00e0 s\u2019att\u00e9nuer vendredi matin, m\u00eame si le vent restera soutenu avec des rafales \u00e0 plus de 80 km\/h attendues dans le Tarn et la Haute-Garonne.\u00a0<\/p>\n<p class=\" wall-content\">\n    <img   decoding=\"async\" loading=\"lazy\" src=\"https:\/\/www.europesays.com\/fr\/wp-content\/uploads\/2025\/11\/capture-decran-2025-11-11-085539-960x640.png\" alt=\"La m\u00e9t\u00e9o de vendredi 14 novembre en Occitanie.\" width=\"960\" height=\"640\"\/><br \/>\n    La m\u00e9t\u00e9o de jeudi 13 novembre en Occitanie. (\u00a9M\u00e9t\u00e9o France)<br \/>\n    <img   decoding=\"async\" loading=\"lazy\" src=\"https:\/\/www.europesays.com\/fr\/wp-content\/uploads\/2025\/11\/capture-decran-2025-11-11-092821-960x640.png\" alt=\"La m\u00e9t\u00e9o de vendredi matin \u00e0 Toulouse et en Occitanie.\" width=\"960\" height=\"640\"\/><br \/>\n    La m\u00e9t\u00e9o de vendredi 14 novembre\u00a0 \u00e0 Toulouse et en Occitanie. (\u00a9M\u00e9t\u00e9o France)<\/p>\n<p>Vigilance avec les sols humides<\/p>\n<p class=\" wall-content\">De telles rafales sont r\u00e9guli\u00e8rement enregistr\u00e9es dans le midi toulousain. Pour cet \u00e9pisode de vent d\u2019autan, c\u2019est l\u2019humidit\u00e9 des sols qui doit amener \u00e0 la prudence. Avec les pluies de ces derniers jours, des chutes d\u2019arbres pourraient se produire.<\/p>\n<p class=\" wall-content\">Personnalisez votre actualit\u00e9 en ajoutant vos villes et m\u00e9dias en favori avec <a href=\"https:\/\/moncompte.actu.fr\" title=\"D\u00e9couvez Mon Actu\" rel=\"nofollow noopener\" data-trk=\"{&quot;cta&quot;:{&quot;action&quot;:&quot;https:\\\/\\\/moncompte.actu.fr&quot;,&quot;category&quot;:&quot;mon compte&quot;,&quot;from&quot;:&quot;article footer&quot;,&quot;name&quot;:&quot;Mon actu&quot;,&quot;type&quot;:&quot;cta&quot;}}\" target=\"_blank\">Mon Actu<\/a>.<\/p>\n","protected":false},"excerpt":{"rendered":"Par David Saint-Sernin Publi\u00e9 le 11 nov. 2025 \u00e0 9h47 Ce mardi 11 novembre 2025 va voir le&hellip;\n","protected":false},"author":2,"featured_media":526816,"comment_status":"","ping_status":"","sticky":false,"template":"","format":"standard","meta":{"footnotes":""},"categories":[2816],"tags":[1111,11,1777,674,1011,27,2487,2357,12,2680,25,2312],"class_list":{"0":"post-526815","1":"post","2":"type-post","3":"status-publish","4":"format-standard","5":"has-post-thumbnail","7":"category-toulouse","8":"tag-actu","9":"tag-actualites","10":"tag-eu","11":"tag-europe","12":"tag-fr","13":"tag-france","14":"tag-meteo","15":"tag-meteo-france","16":"tag-news","17":"tag-occitanie","18":"tag-republique-francaise","19":"tag-toulouse"},"share_on_mastodon":{"url":"https:\/\/pubeurope.com\/@fr\/115530282539392054","error":""},"_links":{"self":[{"href":"https:\/\/www.europesays.com\/fr\/wp-json\/wp\/v2\/posts\/526815","targetHints":{"allow":["GET"]}}],"collection":[{"href":"https:\/\/www.europesays.com\/fr\/wp-json\/wp\/v2\/posts"}],"about":[{"href":"https:\/\/www.europesays.com\/fr\/wp-json\/wp\/v2\/types\/post"}],"author":[{"embeddable":true,"href":"https:\/\/www.europesays.com\/fr\/wp-json\/wp\/v2\/users\/2"}],"replies":[{"embeddable":true,"href":"https:\/\/www.europesays.com\/fr\/wp-json\/wp\/v2\/comments?post=526815"}],"version-history":[{"count":0,"href":"https:\/\/www.europesays.com\/fr\/wp-json\/wp\/v2\/posts\/526815\/revisions"}],"wp:featuredmedia":[{"embeddable":true,"href":"https:\/\/www.europesays.com\/fr\/wp-json\/wp\/v2\/media\/526816"}],"wp:attachment":[{"href":"https:\/\/www.europesays.com\/fr\/wp-json\/wp\/v2\/media?parent=526815"}],"wp:term":[{"taxonomy":"category","embeddable":true,"href":"https:\/\/www.europesays.com\/fr\/wp-json\/wp\/v2\/categories?post=526815"},{"taxonomy":"post_tag","embeddable":true,"href":"https:\/\/www.europesays.com\/fr\/wp-json\/wp\/v2\/tags?post=526815"}],"curies":[{"name":"wp","href":"https:\/\/api.w.org\/{rel}","templated":true}]}}