{"id":526839,"date":"2025-11-11T09:21:17","date_gmt":"2025-11-11T09:21:17","guid":{"rendered":"https:\/\/www.europesays.com\/fr\/526839\/"},"modified":"2025-11-11T09:21:17","modified_gmt":"2025-11-11T09:21:17","slug":"une-attaque-de-drones-russes-fait-un-mort-en-ukraine-et-provoque-des-incendies-a-kramatorsk","status":"publish","type":"post","link":"https:\/\/www.europesays.com\/fr\/526839\/","title":{"rendered":"Une attaque de drones russes fait un mort en Ukraine et provoque des incendies \u00e0 Kramatorsk"},"content":{"rendered":"<p>Sept drones russes ont frapp\u00e9 la ville Kramatorsk dans l&rsquo;est de l&rsquo;Ukraine, ce lundi 10 novembre, causant la mort d&rsquo;une personne.<\/p>\n<p>Une attaque de drones russes a tu\u00e9 une personne et provoqu\u00e9 des incendies ce lundi 10 novembre \u00e0 Kramatorsk, dans l&rsquo;est de <a href=\"https:\/\/www.bfmtv.com\/people\/la-menace-des-drones-etait-omnipresente-angelina-jolie-raconte-sa-visite-en-ukraine-a-la-rencontre-des-habitants_AN-202511100659.html\" title=\"&quot;La menace des drones \u00e9tait omnipr\u00e9sente&quot;: Angelina Jolie raconte sa visite en Ukraine \u00e0 la rencontre des habitants\" class=\"internal_link\" rel=\"nofollow noopener\" target=\"_blank\">l&rsquo;Ukraine<\/a>, a annonc\u00e9 son conseil municipal.<\/p>\n<p>\u00ab\u00a0Kramatorsk a \u00e9t\u00e9 victime d&rsquo;une attaque massive. Sept drones ont frapp\u00e9 la ville en l&rsquo;espace de 30 minutes\u00a0\u00bb peu apr\u00e8s 20 heures (19 heures \u00e0 Paris), a \u00e9crit le conseil sur le r\u00e9seau social Telegram.<\/p>\n<p>\u00ab\u00a0Selon de premi\u00e8res informations, une personne a \u00e9t\u00e9 tu\u00e9e par le bombardement, un homme n\u00e9 en 1961\u00a0\u00bb, a ajout\u00e9 la m\u00eame source, faisant \u00e9tat de d\u00e9g\u00e2ts sur une \u00ab\u00a0institution \u00e9ducative\u00a0\u00bb et des logements.<\/p>\n<p>Le 23 octobre, deux journalistes ukrainiens de la cha\u00eene Freedom TV, Aliona Gramova et Evguen Karmazine, avaient \u00e9t\u00e9 tu\u00e9s par un drone russe dans une station-service de Kramatorsk, alors qu&rsquo;il se trouvaient \u00e0 l&rsquo;int\u00e9rieur d&rsquo;une voiture, selon leur m\u00e9dia.<\/p>\n<p>Structures \u00e9nerg\u00e9tiques vis\u00e9es<\/p>\n<p>Dans la r\u00e9gion de Kharkiv (nord-est), un drone d&rsquo;attaque russe a par ailleurs touch\u00e9 lundi soir un v\u00e9hicule et bless\u00e9 ses trois occupants dont un adolescent de 16 ans, selon le parquet de la r\u00e9gion de Kharkiv.<\/p>\n<p>La Russie, dont les forces sont mieux \u00e9quip\u00e9es et plus nombreuses, continue d&rsquo;avancer dans l&rsquo;est de l&rsquo;Ukraine et notamment dans la r\u00e9gion de Donetsk o\u00f9 se concentre l&rsquo;essentiel des combats. Lundi, Moscou y a revendiqu\u00e9 la prise de trois nouveaux villages.<\/p>\n<p>En parall\u00e8le, la Russie multiplie depuis des semaines les bombardements sur les infrastructures \u00e9nerg\u00e9tiques et le r\u00e9seau ferroviaire ukrainiens, sur fond de baisse des temp\u00e9ratures \u00e0 l&rsquo;approche de l&rsquo;hiver.<\/p>\n<p>Kiev vise de son c\u00f4t\u00e9 r\u00e9guli\u00e8rement des d\u00e9p\u00f4ts et raffineries de p\u00e9trole et d&rsquo;autres installations en Russie. Le ministre russe de la D\u00e9fense a indiqu\u00e9 mardi matin que 37 drones d&rsquo;attaque ukrainiens avaient \u00e9t\u00e9 intercept\u00e9s au cours de la nuit, sans faire mention de d\u00e9g\u00e2ts.<\/p>\n","protected":false},"excerpt":{"rendered":"Sept drones russes ont frapp\u00e9 la ville Kramatorsk dans l&rsquo;est de l&rsquo;Ukraine, ce lundi 10 novembre, causant la&hellip;\n","protected":false},"author":2,"featured_media":526840,"comment_status":"","ping_status":"","sticky":false,"template":"","format":"standard","meta":{"footnotes":""},"categories":[1591],"tags":[11,1887,12,1885,1886,132],"class_list":{"0":"post-526839","1":"post","2":"type-post","3":"status-publish","4":"format-standard","5":"has-post-thumbnail","7":"category-russie","8":"tag-actualites","9":"tag-federation-de-russie","10":"tag-news","11":"tag-russia","12":"tag-russian-federation","13":"tag-russie"},"share_on_mastodon":{"url":"https:\/\/pubeurope.com\/@fr\/115530333191779437","error":""},"_links":{"self":[{"href":"https:\/\/www.europesays.com\/fr\/wp-json\/wp\/v2\/posts\/526839","targetHints":{"allow":["GET"]}}],"collection":[{"href":"https:\/\/www.europesays.com\/fr\/wp-json\/wp\/v2\/posts"}],"about":[{"href":"https:\/\/www.europesays.com\/fr\/wp-json\/wp\/v2\/types\/post"}],"author":[{"embeddable":true,"href":"https:\/\/www.europesays.com\/fr\/wp-json\/wp\/v2\/users\/2"}],"replies":[{"embeddable":true,"href":"https:\/\/www.europesays.com\/fr\/wp-json\/wp\/v2\/comments?post=526839"}],"version-history":[{"count":0,"href":"https:\/\/www.europesays.com\/fr\/wp-json\/wp\/v2\/posts\/526839\/revisions"}],"wp:featuredmedia":[{"embeddable":true,"href":"https:\/\/www.europesays.com\/fr\/wp-json\/wp\/v2\/media\/526840"}],"wp:attachment":[{"href":"https:\/\/www.europesays.com\/fr\/wp-json\/wp\/v2\/media?parent=526839"}],"wp:term":[{"taxonomy":"category","embeddable":true,"href":"https:\/\/www.europesays.com\/fr\/wp-json\/wp\/v2\/categories?post=526839"},{"taxonomy":"post_tag","embeddable":true,"href":"https:\/\/www.europesays.com\/fr\/wp-json\/wp\/v2\/tags?post=526839"}],"curies":[{"name":"wp","href":"https:\/\/api.w.org\/{rel}","templated":true}]}}