{"id":526841,"date":"2025-11-11T09:22:17","date_gmt":"2025-11-11T09:22:17","guid":{"rendered":"https:\/\/www.europesays.com\/fr\/526841\/"},"modified":"2025-11-11T09:22:17","modified_gmt":"2025-11-11T09:22:17","slug":"de-possibles-fragments-de-drone-retrouves-en-roumanie-apres-une-attaque-russe-en-ukraine","status":"publish","type":"post","link":"https:\/\/www.europesays.com\/fr\/526841\/","title":{"rendered":"De \u00ab\u00a0possibles fragments de drone\u00a0\u00bb retrouv\u00e9s en Roumanie apr\u00e8s une attaque russe en Ukraine&#8230;"},"content":{"rendered":"<p>De \u00ab\u00a0possibles fragments de drone\u00a0\u00bb retrouv\u00e9s en Roumanie apr\u00e8s une attaque russe en Ukraine<\/p>\n<p>Dans la nuit de lundi \u00e0 mardi, les autorit\u00e9s roumaines \u00ab\u00a0ont \u00e9t\u00e9 inform\u00e9es de l\u2019impact au sol d\u2019un objet a\u00e9rien \u00e0 environ 5 km au sud de la fronti\u00e8re\u00a0\u00bb, possiblement des bouts de drones, dans le nord de la r\u00e9gion de Tulcea. Cela pourrait faire suite \u00e0 des attaques a\u00e9riennes russes contre le port ukrainien d\u2019Izmail sur le Danube, un \u00ab\u00a0grand nombre d\u2019explosions\u00a0\u00bb ayant \u00e9t\u00e9 enregistr\u00e9.<\/p>\n<p>Bienvenue dans ce nouveau Live<\/p>\n<p>Bonjour \u00e0 toutes et \u00e0 tous. Comme chaque jour, la r\u00e9daction de 20 Minutes est mobilis\u00e9e pour vous donner l\u2019ensemble des informations sur le conflit entre Moscou et Kiev.<\/p>\n<p>Sur le terrain, la Russie multiplie depuis des semaines les bombardements sur les infrastructures \u00e9nerg\u00e9tiques et le r\u00e9seau ferroviaire ukrainien, faisant craindre un nouvel hiver difficile.<\/p>\n","protected":false},"excerpt":{"rendered":"De \u00ab\u00a0possibles fragments de drone\u00a0\u00bb retrouv\u00e9s en Roumanie apr\u00e8s une attaque russe en Ukraine Dans la nuit de&hellip;\n","protected":false},"author":2,"featured_media":526842,"comment_status":"","ping_status":"","sticky":false,"template":"","format":"standard","meta":{"footnotes":""},"categories":[1590],"tags":[47,11,1777,674,131,74,12,136,4868,8013,220,555,135,134],"class_list":{"0":"post-526841","1":"post","2":"type-post","3":"status-publish","4":"format-standard","5":"has-post-thumbnail","7":"category-ukraine","8":"tag-actualite","9":"tag-actualites","10":"tag-eu","11":"tag-europe","12":"tag-guerre-en-ukraine","13":"tag-monde","14":"tag-news","15":"tag-otan","16":"tag-roumanie","17":"tag-russe","18":"tag-ukraine","19":"tag-union-europeenne-ue","20":"tag-vladimir-poutine","21":"tag-volodymyr-zelensky"},"share_on_mastodon":{"url":"https:\/\/pubeurope.com\/@fr\/115530337493358359","error":""},"_links":{"self":[{"href":"https:\/\/www.europesays.com\/fr\/wp-json\/wp\/v2\/posts\/526841","targetHints":{"allow":["GET"]}}],"collection":[{"href":"https:\/\/www.europesays.com\/fr\/wp-json\/wp\/v2\/posts"}],"about":[{"href":"https:\/\/www.europesays.com\/fr\/wp-json\/wp\/v2\/types\/post"}],"author":[{"embeddable":true,"href":"https:\/\/www.europesays.com\/fr\/wp-json\/wp\/v2\/users\/2"}],"replies":[{"embeddable":true,"href":"https:\/\/www.europesays.com\/fr\/wp-json\/wp\/v2\/comments?post=526841"}],"version-history":[{"count":0,"href":"https:\/\/www.europesays.com\/fr\/wp-json\/wp\/v2\/posts\/526841\/revisions"}],"wp:featuredmedia":[{"embeddable":true,"href":"https:\/\/www.europesays.com\/fr\/wp-json\/wp\/v2\/media\/526842"}],"wp:attachment":[{"href":"https:\/\/www.europesays.com\/fr\/wp-json\/wp\/v2\/media?parent=526841"}],"wp:term":[{"taxonomy":"category","embeddable":true,"href":"https:\/\/www.europesays.com\/fr\/wp-json\/wp\/v2\/categories?post=526841"},{"taxonomy":"post_tag","embeddable":true,"href":"https:\/\/www.europesays.com\/fr\/wp-json\/wp\/v2\/tags?post=526841"}],"curies":[{"name":"wp","href":"https:\/\/api.w.org\/{rel}","templated":true}]}}