{"id":526843,"date":"2025-11-11T09:23:14","date_gmt":"2025-11-11T09:23:14","guid":{"rendered":"https:\/\/www.europesays.com\/fr\/526843\/"},"modified":"2025-11-11T09:23:14","modified_gmt":"2025-11-11T09:23:14","slug":"a-la-une-vers-la-fin-de-la-paralysie-budgetaire-aux-etats-unis","status":"publish","type":"post","link":"https:\/\/www.europesays.com\/fr\/526843\/","title":{"rendered":"\u00c0 la Une: vers la fin de la paralysie budg\u00e9taire aux \u00c9tats-Unis"},"content":{"rendered":"<p>C\u2019est sans doute bient\u00f4t la fin de 41 jours de shutdown, de blocage de l\u2019\u00c9tat f\u00e9d\u00e9ral. Le S\u00e9nat am\u00e9ricain a adopt\u00e9 hier un texte en ce sens, gr\u00e2ce \u00e0 l\u2019appui d\u2019une poign\u00e9e de s\u00e9nateurs d\u00e9mocrates. \u00ab\u00a0La proposition de loi &#8211; adopt\u00e9e \u00e0 60 voix pour et 40 contre &#8211; \u00e9tend le budget actuel jusqu\u2019\u00e0 la fin du mois de janvier, pr\u00e9cise <strong><a href=\"https:\/\/www.lemonde.fr\/international\/article\/2025\/11\/11\/shutdown-aux-etats-unis-le-senat-vote-le-texte-devant-mettre-fin-a-la-paralysie-budgetaire_6652962_3210.html\" target=\"_blank\" rel=\"noopener\">Le Monde<\/a><\/strong> \u00e0 Paris. Le texte doit encore \u00eatre d\u00e9battu et adopt\u00e9 \u00e0 partir de demain \u00e0 la Chambre des repr\u00e9sentants, avant d\u2019atterrir sur le bureau de Donald Trump pour une promulgation qui mettra officiellement fin \u00e0 la paralysie budg\u00e9taire.\u00a0\u00bb\u00a0<\/p>\n<p>Ouf de soulagement pour le <strong><a href=\"https:\/\/www.wsj.com\/opinion\/democrats-shutdown-vote-senate-chuck-schumer-faac62e5?mod=hp_opin_pos_1\" target=\"_blank\" rel=\"noopener\">Wall Street Journal<\/a>\u00a0<\/strong>: \u00ab\u00a0f\u00e9licitations aux sept d\u00e9mocrates et \u00e0 l\u2019unique ind\u00e9pendant qui ont d\u00e9cid\u00e9 de mettre fin \u00e0 la plus longue paralysie gouvernementale de l\u2019histoire des \u00c9tats-Unis, s\u2019exclame le quotidien financier. Ils ont fait passer l\u2019int\u00e9r\u00eat du pays avant tout. Et la col\u00e8re de certains d\u00e9mocrates \u00e0 leur encontre est symptomatique de la polarisation actuelle (au sein du parti) et laisse pr\u00e9sager des tensions accrues.\u00a0\u00bb<\/p>\n<p>\u00ab\u00a0Le blocage devait forc\u00e9ment se terminer ainsi, reconnait le <strong><a href=\"https:\/\/www.washingtonpost.com\/opinions\/2025\/11\/10\/government-shutdown-deal-democrats-shaheen\/\" target=\"_blank\" rel=\"noopener\">Washington Post<\/a><\/strong>. Les huit s\u00e9nateurs qui ont fait pencher la balance m\u00e9ritent d\u2019\u00eatre f\u00e9licit\u00e9s d&rsquo;avoir rompu les rangs. (\u2026) Un bref aper\u00e7u de l\u2019histoire des \u00c9tats-Unis en mati\u00e8re de blocage des services publics montre que le parti qui prend le gouvernement en otage pour faire avancer ses objectifs politiques n\u2019y parvient presque jamais.\u00a0\u00bb<\/p>\n<p> Tout \u00e7a pour \u00e7a\u2026 <\/p>\n<p>Et pourtant, d\u00e9plore le <strong><a href=\"https:\/\/www.nytimes.com\/2025\/11\/10\/opinion\/government-shutdown-democrats-republicans.html\" target=\"_blank\" rel=\"noopener\">New York Times<\/a><\/strong>, les s\u00e9nateurs d\u00e9mocrates qui ont vot\u00e9 la fin du shutdown \u00ab\u00a0n\u2019ont pas obtenu grand-chose\u00a0: l\u2019aide alimentaire b\u00e9n\u00e9ficiera d\u2019un financement l\u00e9g\u00e8rement accru (\u2026). Les fonctionnaires f\u00e9d\u00e9raux licenci\u00e9s seront r\u00e9embauch\u00e9s et ceux mis en cong\u00e9 technique recevront leurs arri\u00e9r\u00e9s de salaire. La majeure partie de l\u2019administration est financ\u00e9e seulement jusqu\u2019\u00e0 fin janvier. Alors, pr\u00e9parez-vous, s\u2019exclame le New York Times. On pourrait bien se retrouver avec un nouveau shutdown\u00a0!\u00a0\u00bb<\/p>\n<p>En effet, si c\u2019est globalement une bonne nouvelle pour les Am\u00e9ricains, c\u2019est un revers pour les d\u00e9mocrates, ce que souligne notamment <strong><a href=\"https:\/\/www.letemps.ch\/opinions\/editoriaux\/derriere-la-possible-fin-du-shutdown-aux-etats-unis-le-pari-risque-des-democrates\" target=\"_blank\" rel=\"noopener\">Le Temps<\/a><\/strong> \u00e0 Gen\u00e8ve\u00a0: \u00ab Le compromis n\u2019inclut pas la revendication centrale des d\u00e9mocrates. \u00c0 savoir la prolongation des subventions aux assurances maladie, qui expireront \u00e0 la fin de l\u2019ann\u00e9e. Or, pour les d\u00e9mocrates, minoris\u00e9s dans les deux chambres, le shutdown permettait de tirer avantage de la n\u00e9cessit\u00e9 d\u2019une majorit\u00e9 qualifi\u00e9e au S\u00e9nat pour forcer les r\u00e9publicains \u00e0 n\u00e9gocier. La strat\u00e9gie s\u2019\u00e9tait jusqu\u2019ici r\u00e9v\u00e9l\u00e9e gagnante : Donald Trump lui-m\u00eame a reconnu que la fermeture partielle du gouvernement avait contribu\u00e9 aux victoires d\u00e9mocrates \u00e0 New York, en Virginie et dans le New Jersey. \u00c0 ce titre, l\u2019effondrement d\u00e9sordonn\u00e9 du blocage d\u00e9mocrate contre le mot d\u2019ordre du parti ne fait que souligner sa faiblesse. (\u2026) Et les r\u00e9publicains ne manqueront pas d\u2019en tirer bruyamment profit. Le parti du pr\u00e9sident devrait crier victoire, bl\u00e2mer ses adversaires pour le plus long\u00a0shutdown\u00a0de l\u2019histoire, et revendiquer la paternit\u00e9 de la sortie de crise. Donald Trump et ses m\u00e9thodes d\u2019intimidation triompheraient \u00e0 nouveau.\u00a0\u00bb Bref, s\u2019interroge Le Temps, \u00ab\u00a0tout \u00e7a pour rien ?\u00a0\u00bb<\/p>\n<p class=\"a-read-more\">\u00c0 lire aussi<a href=\"https:\/\/www.rfi.fr\/fr\/am\u00e9riques\/20251110-\u00e9tats-unis-les-s\u00e9nateurs-d\u00e9mocrates-et-r\u00e9publicains-trouvent-un-accord-pour-mettre-fin-au-shutdown\" target=\"_self\" class=\"a-read-more__link\" rel=\"noopener\">\u00c9tats-Unis: les s\u00e9nateurs d\u00e9mocrates et r\u00e9publicains trouvent un accord pour mettre fin au \u00abshutdown\u00bb<\/a><\/p>\n<p> France\u00a0: Sarkozy lib\u00e9r\u00e9\u2026 <\/p>\n<p>\u00c0 la Une \u00e9galement, la lib\u00e9ration hier de l\u2019ancien pr\u00e9sident Nicolas Sarkozy. La \u00ab\u00a0fin d\u2019une incroyable injustice, pour <strong><a href=\"https:\/\/www.lefigaro.fr\/vox\/politique\/l-editorial-de-vincent-tremolet-de-villers-nicolas-sarkozy-le-cauchemar-de-l-injustice-20251110\" target=\"_blank\" rel=\"noopener\">Le Figaro<\/a><\/strong>. La cour a consid\u00e9r\u00e9 que la\u00a0\u201cd\u00e9tention provisoire n\u2019\u00e9tait pas justifi\u00e9e\u201c. Pourquoi, alors, l\u2019\u00e9tait-elle il y a trois semaines\u00a0?, s\u2019interroge le quotidien de droite.\u00a0Aujourd\u2019hui, les Fran\u00e7ais n\u2019ont plus confiance dans l\u2019autorit\u00e9 judiciaire et ce qu\u2019ils craignent, c\u2019est l\u2019arbitraire.\u00a0\u00bb<\/p>\n<p>Non, r\u00e9torque <strong><a href=\"https:\/\/www.liberation.fr\/politique\/sarkozy-remis-en-liberte-merci-de-nous-epargner-un-plan-media-sur-son-retour-a-la-maison-20251110_AEJJUFT56VAVBHA3LRBSAE2IHQ\/\" target=\"_blank\" rel=\"noopener\">Lib\u00e9ration<\/a><\/strong>\u00a0: \u00ab La puissante contre-offensive m\u00e9diatique (de la droite) n\u2019a pas convaincu la majorit\u00e9 des Fran\u00e7ais, sauf bien s\u00fbr\u00a0les fans de l\u2019ancien Pr\u00e9sident\u00a0et les soutiens de\u00a0Marine Le Pen, qui a, elle aussi, maille \u00e0 partir avec la justice. (\u2026) Il n\u2019y avait aucune raison de se r\u00e9jouir de voir Nicolas Sarkozy dormir \u00e0 la prison de la Sant\u00e9. Et aucune raison non plus, pointe Lib\u00e9ration, qu\u2019il ne soit pas trait\u00e9 comme n\u2019importe quelle personne d\u00e9clar\u00e9e coupable et condamn\u00e9e \u00e0 de la prison ferme, puis comme n\u2019importe quel d\u00e9tenu. C\u2019est d\u2019ailleurs ce que les Fran\u00e7ais attendaient de la justice.\u00a0\u00bb<\/p>\n<p class=\"a-read-more\">\u00c0 lire aussi<a href=\"https:\/\/www.rfi.fr\/fr\/france\/20251110-proc\u00e8s-libyen-la-justice-fran\u00e7aise-ordonne-la-remise-en-libert\u00e9-de-l-ancien-pr\u00e9sident-nicolas-sarkozy\" target=\"_self\" class=\"a-read-more__link\" rel=\"noopener\">Proc\u00e8s libyen: Nicolas Sarkozy lib\u00e9r\u00e9 de prison, \u00abla v\u00e9rit\u00e9 triomphera\u00bb assure l&rsquo;ancien pr\u00e9sident<\/a><\/p>\n","protected":false},"excerpt":{"rendered":"C\u2019est sans doute bient\u00f4t la fin de 41 jours de shutdown, de blocage de l\u2019\u00c9tat f\u00e9d\u00e9ral. Le S\u00e9nat&hellip;\n","protected":false},"author":2,"featured_media":526844,"comment_status":"","ping_status":"","sticky":false,"template":"","format":"standard","meta":{"footnotes":""},"categories":[1589],"tags":[55322,11,75,73,1866,27,303,74,12,3091,13125,38163,1864,1865,1863,308],"class_list":{"0":"post-526843","1":"post","2":"type-post","3":"status-publish","4":"format-standard","5":"has-post-thumbnail","7":"category-etats-unis","8":"tag-shutdown","9":"tag-actualites","10":"tag-donald-trump","11":"tag-etats-unis","12":"tag-etats-unis-damerique","13":"tag-france","14":"tag-justice","15":"tag-monde","16":"tag-news","17":"tag-nicolas-sarkozy","18":"tag-revue-de-presse","19":"tag-revue-de-presse-internationale","20":"tag-united-states","21":"tag-united-states-of-america","22":"tag-us","23":"tag-usa"},"share_on_mastodon":{"url":"https:\/\/pubeurope.com\/@fr\/115530341084583686","error":""},"_links":{"self":[{"href":"https:\/\/www.europesays.com\/fr\/wp-json\/wp\/v2\/posts\/526843","targetHints":{"allow":["GET"]}}],"collection":[{"href":"https:\/\/www.europesays.com\/fr\/wp-json\/wp\/v2\/posts"}],"about":[{"href":"https:\/\/www.europesays.com\/fr\/wp-json\/wp\/v2\/types\/post"}],"author":[{"embeddable":true,"href":"https:\/\/www.europesays.com\/fr\/wp-json\/wp\/v2\/users\/2"}],"replies":[{"embeddable":true,"href":"https:\/\/www.europesays.com\/fr\/wp-json\/wp\/v2\/comments?post=526843"}],"version-history":[{"count":0,"href":"https:\/\/www.europesays.com\/fr\/wp-json\/wp\/v2\/posts\/526843\/revisions"}],"wp:featuredmedia":[{"embeddable":true,"href":"https:\/\/www.europesays.com\/fr\/wp-json\/wp\/v2\/media\/526844"}],"wp:attachment":[{"href":"https:\/\/www.europesays.com\/fr\/wp-json\/wp\/v2\/media?parent=526843"}],"wp:term":[{"taxonomy":"category","embeddable":true,"href":"https:\/\/www.europesays.com\/fr\/wp-json\/wp\/v2\/categories?post=526843"},{"taxonomy":"post_tag","embeddable":true,"href":"https:\/\/www.europesays.com\/fr\/wp-json\/wp\/v2\/tags?post=526843"}],"curies":[{"name":"wp","href":"https:\/\/api.w.org\/{rel}","templated":true}]}}