{"id":526845,"date":"2025-11-11T09:24:13","date_gmt":"2025-11-11T09:24:13","guid":{"rendered":"https:\/\/www.europesays.com\/fr\/526845\/"},"modified":"2025-11-11T09:24:13","modified_gmt":"2025-11-11T09:24:13","slug":"le-taux-de-chomage-au-royaume-uni-progresse-plus-que-prevu-a-5-avant-le-budget","status":"publish","type":"post","link":"https:\/\/www.europesays.com\/fr\/526845\/","title":{"rendered":"Le taux de ch\u00f4mage au Royaume-Uni progresse plus que pr\u00e9vu, \u00e0 5%, avant le budget"},"content":{"rendered":"<p class=\"ap-StoryElement ap-StoryElement--mb ap-StoryText\">Les chiffres publi\u00e9s mardi \u00ab\u00a0t\u00e9moignent d&rsquo;un affaiblissement du march\u00e9 du travail\u00a0\u00bb, indique Liz McKeown, directrice des statistiques \u00e9conomiques de l&rsquo;Office national des statistiques (ONS), alors que le ch\u00f4mage progresse r\u00e9guli\u00e8rement depuis le d\u00e9but de l&rsquo;ann\u00e9e et \u00e9tait d\u00e9j\u00e0 mont\u00e9 \u00e0 4,7% \u00e0 la fin du deuxi\u00e8me trimestre.<\/p>\n<p class=\"ap-StoryElement ap-StoryElement--mb ap-StoryText\">La ministre des Finances Rachel Reeves, qui doit d\u00e9voiler son budget le 26 novembre, est sous pression pour \u00e9quilibrer les comptes publics sans \u00e9touffer une \u00e9conomie \u00e0 la peine. Apr\u00e8s de fortes hausses d&rsquo;imp\u00f4ts cette ann\u00e9e d\u00e9j\u00e0, notamment sur les entreprises, de nouvelles augmentations de taxes sont largement attendues.<\/p>\n","protected":false},"excerpt":{"rendered":"Les chiffres publi\u00e9s mardi \u00ab\u00a0t\u00e9moignent d&rsquo;un affaiblissement du march\u00e9 du travail\u00a0\u00bb, indique Liz McKeown, directrice des statistiques \u00e9conomiques&hellip;\n","protected":false},"author":2,"featured_media":2837,"comment_status":"","ping_status":"","sticky":false,"template":"","format":"standard","meta":{"footnotes":""},"categories":[1588],"tags":[11,1003,341,1777,674,12,473,1853,801,1851,1850,1852],"class_list":{"0":"post-526845","1":"post","2":"type-post","3":"status-publish","4":"format-standard","5":"has-post-thumbnail","7":"category-royaume-uni","8":"tag-actualites","9":"tag-budget","10":"tag-emploi","11":"tag-eu","12":"tag-europe","13":"tag-news","14":"tag-royaume-uni","15":"tag-royaume-uni-de-grande-bretagne-et-dirlande-du-nord","16":"tag-social","17":"tag-uk","18":"tag-united-kingdom","19":"tag-united-kingdom-of-great-britain-and-northern-ireland"},"share_on_mastodon":{"url":"https:\/\/pubeurope.com\/@fr\/115530345297187987","error":""},"_links":{"self":[{"href":"https:\/\/www.europesays.com\/fr\/wp-json\/wp\/v2\/posts\/526845","targetHints":{"allow":["GET"]}}],"collection":[{"href":"https:\/\/www.europesays.com\/fr\/wp-json\/wp\/v2\/posts"}],"about":[{"href":"https:\/\/www.europesays.com\/fr\/wp-json\/wp\/v2\/types\/post"}],"author":[{"embeddable":true,"href":"https:\/\/www.europesays.com\/fr\/wp-json\/wp\/v2\/users\/2"}],"replies":[{"embeddable":true,"href":"https:\/\/www.europesays.com\/fr\/wp-json\/wp\/v2\/comments?post=526845"}],"version-history":[{"count":0,"href":"https:\/\/www.europesays.com\/fr\/wp-json\/wp\/v2\/posts\/526845\/revisions"}],"wp:featuredmedia":[{"embeddable":true,"href":"https:\/\/www.europesays.com\/fr\/wp-json\/wp\/v2\/media\/2837"}],"wp:attachment":[{"href":"https:\/\/www.europesays.com\/fr\/wp-json\/wp\/v2\/media?parent=526845"}],"wp:term":[{"taxonomy":"category","embeddable":true,"href":"https:\/\/www.europesays.com\/fr\/wp-json\/wp\/v2\/categories?post=526845"},{"taxonomy":"post_tag","embeddable":true,"href":"https:\/\/www.europesays.com\/fr\/wp-json\/wp\/v2\/tags?post=526845"}],"curies":[{"name":"wp","href":"https:\/\/api.w.org\/{rel}","templated":true}]}}