{"id":526861,"date":"2025-11-11T09:34:18","date_gmt":"2025-11-11T09:34:18","guid":{"rendered":"https:\/\/www.europesays.com\/fr\/526861\/"},"modified":"2025-11-11T09:34:18","modified_gmt":"2025-11-11T09:34:18","slug":"djokovic-est-un-peu-plus-complet-que-sinner","status":"publish","type":"post","link":"https:\/\/www.europesays.com\/fr\/526861\/","title":{"rendered":"\u00ab Djokovic est un peu plus complet que Sinner \u00bb"},"content":{"rendered":"<p>                <img decoding=\"async\" src=\"https:\/\/www.europesays.com\/fr\/wp-content\/uploads\/2025\/11\/IJmG.jpg\" fetchpriority=\"high\" alt=\"Toni Nadal : \u00ab Djokovic est un peu plus complet que Sinner \u00bb\"\/><\/p>\n<p><strong>Toni Nadal est revenu sur la comparaison entre Novak Djokovic et Jannik Sinner.<\/strong><\/p>\n<p>Entra\u00eeneur mythique de Rafael Nadal, Toni Nadal a accord\u00e9 une interview \u00e0 \u00ab La Gazzetta dello Sport \u00bb. Interrog\u00e9 sur la comparaison qui revient souvent entre Djokovic et Sinner, l\u2019homme de 64 ans a d\u00e9clar\u00e9 ceci :<\/p>\n<p>\u00ab Je pense que Nole est un peu plus complet. Sinner a plus de vitesse de balle dans le coup droit et Djokovic un peu plus de main. Ils ont en commun d\u2019imposer un rythme de jeu \u00e9lev\u00e9 et d\u2019avoir un contr\u00f4le de balle exceptionnel avec des mouvements de tr\u00e8s haut niveau. Jannik joue toujours avec un sch\u00e9ma de jeu tr\u00e8s d\u00e9fini : il impose un rythme de jeu \u00e9lev\u00e9 pour qu\u2019ils ne puissent pas le suivre. \u00bb<\/p>\n<p><strong>Le Majorquin a donc nuanc\u00e9 les propos d\u2019un certain nombre d\u2019observateurs qui placent Sinner comme un Djokovic 2.0.<\/strong><\/p>\n","protected":false},"excerpt":{"rendered":"Toni Nadal est revenu sur la comparaison entre Novak Djokovic et Jannik Sinner. Entra\u00eeneur mythique de Rafael Nadal,&hellip;\n","protected":false},"author":2,"featured_media":526862,"comment_status":"","ping_status":"","sticky":false,"template":"","format":"standard","meta":{"footnotes":""},"categories":[1415],"tags":[1011,27,60,1467],"class_list":{"0":"post-526861","1":"post","2":"type-post","3":"status-publish","4":"format-standard","5":"has-post-thumbnail","7":"category-tennis","8":"tag-fr","9":"tag-france","10":"tag-sports","11":"tag-tennis"},"share_on_mastodon":{"url":"https:\/\/pubeurope.com\/@fr\/115530385132471559","error":""},"_links":{"self":[{"href":"https:\/\/www.europesays.com\/fr\/wp-json\/wp\/v2\/posts\/526861","targetHints":{"allow":["GET"]}}],"collection":[{"href":"https:\/\/www.europesays.com\/fr\/wp-json\/wp\/v2\/posts"}],"about":[{"href":"https:\/\/www.europesays.com\/fr\/wp-json\/wp\/v2\/types\/post"}],"author":[{"embeddable":true,"href":"https:\/\/www.europesays.com\/fr\/wp-json\/wp\/v2\/users\/2"}],"replies":[{"embeddable":true,"href":"https:\/\/www.europesays.com\/fr\/wp-json\/wp\/v2\/comments?post=526861"}],"version-history":[{"count":0,"href":"https:\/\/www.europesays.com\/fr\/wp-json\/wp\/v2\/posts\/526861\/revisions"}],"wp:featuredmedia":[{"embeddable":true,"href":"https:\/\/www.europesays.com\/fr\/wp-json\/wp\/v2\/media\/526862"}],"wp:attachment":[{"href":"https:\/\/www.europesays.com\/fr\/wp-json\/wp\/v2\/media?parent=526861"}],"wp:term":[{"taxonomy":"category","embeddable":true,"href":"https:\/\/www.europesays.com\/fr\/wp-json\/wp\/v2\/categories?post=526861"},{"taxonomy":"post_tag","embeddable":true,"href":"https:\/\/www.europesays.com\/fr\/wp-json\/wp\/v2\/tags?post=526861"}],"curies":[{"name":"wp","href":"https:\/\/api.w.org\/{rel}","templated":true}]}}