{"id":526866,"date":"2025-11-11T09:40:12","date_gmt":"2025-11-11T09:40:12","guid":{"rendered":"https:\/\/www.europesays.com\/fr\/526866\/"},"modified":"2025-11-11T09:40:12","modified_gmt":"2025-11-11T09:40:12","slug":"une-bouffonne-doria-tillier-ce-que-pense-augustin-trapenard-de-son-ex-collegue-du-grand-journal","status":"publish","type":"post","link":"https:\/\/www.europesays.com\/fr\/526866\/","title":{"rendered":"Une bouffonne\u00a0\u00bb : Doria Tillier, ce que pense Augustin Trapenard de son ex-coll\u00e8gue du \u00ab\u00a0Grand Journal"},"content":{"rendered":"<p>Si, aujourd\u2019hui, <a href=\"https:\/\/www.public.fr\/tag\/doria-tillier\" target=\"_blank\" rel=\"noopener\">Doria Tillier<\/a> encha\u00eene les r\u00f4les et fait partie des com\u00e9diennes fran\u00e7aises les plus connues des spectateurs, celle-ci a tout de m\u00eame d\u00e9marr\u00e9, comme tout le monde, en \u00ab\u00a0bas de l\u2019\u00e9chelle\u00a0\u00bb.<\/p>\n<p>C\u2019est r\u00e9ellement en 2012 que l\u2019artiste \u00e2g\u00e9e de 39 ans se fait conna\u00eetre du grand public, lorsqu\u2019elle d\u00e9barque dans <strong>Le Grand Journal<\/strong> <a href=\"https:\/\/vsd.fr\/18148-video-michel-denisot-destabilise-completement-laurent-delahousse-en-evoquant-sa-compagne\/\" target=\"_blank\" rel=\"noopener\">avec Michel Denisot<\/a> pour pr\u00e9senter <strong>une chronique m\u00e9t\u00e9o totalement d\u00e9cal\u00e9e.<\/strong> Une chronique dans laquelle elle m\u00eale humour et actualit\u00e9s, et dans laquelle elle met \u00e0 contribution Augustin Trapenard.<\/p>\n<p>Le pr\u00e9sentateur de <strong>La Grande Librairie<\/strong> faisait en effet partie de l\u2019\u00e9quipe du <strong>Grand Journal<\/strong> \u00e0 l\u2019\u00e9poque, et avait toujours sa place dans la chronique de Doria Tillier. Mais acceptait-il ce r\u00f4le sans broncher ? S\u2019entendait-il bien avec sa coll\u00e8gue ou les relations \u00e9taient-elles tendues entre les deux ? Les principaux int\u00e9ress\u00e9s viennent de donner la r\u00e9ponse.<\/p>\n<p>Tous deux invit\u00e9s de Kyan Khojandi dans Le bon moment, l\u2019ancienne Miss M\u00e9t\u00e9o et le journaliste ont justement \u00e9t\u00e9 interrog\u00e9s sur le sujet. <strong>\u00ab\u00a0On s&rsquo;est bien entendu imm\u00e9diatement\u00a0\u00bb<\/strong>, assurent-ils afin de mettre fin aux \u00e9ventuelles rumeurs.\u00a0<\/p>\n<p>Doria Tillier en profite pour r\u00e9v\u00e9ler : \u00ab\u00a0Cette ann\u00e9e, je raconte \u00e7a et Augustin me dit :\u00a0&lsquo;Non mais Doria, les six premiers mois o\u00f9 on s&rsquo;est connus, <strong>pour moi tu \u00e9tais une bouffonne\u2019\u00a0\u00bb<\/strong>. Augustin Trapenard la coupe alors pour rectifier et d\u00e9voiler sa v\u00e9ritable d\u00e9claration : \u00ab\u00a0Ce n&rsquo;est pas \u00e7a, mais je te trouvais marrante, mais on n&rsquo;\u00e9tait pas devenus amis tout de suite\u00a0\u00bb, avoue-t-il.\u00a0<\/p>\n<p>Pendant deux ans, <a href=\"https:\/\/www.public.fr\/je-savais-pas-qu-on-sucait-les-potes-nicolas-bedos-recadre-par-son-ex-compagne-doria-tillier\" target=\"_blank\" rel=\"noopener\">l&rsquo;ex-compagne de Nicolas Bedos<\/a> a pu compter sur le soutien d\u2019Augustin Trapenard, m\u00eame si celui-ci ne l\u2019a pas consid\u00e9r\u00e9e comme une \u00ab\u00a0amie tout de suite\u00a0\u00bb. D\u2019autant plus que Doria Tillier l\u2019avoue, ses d\u00e9buts dans Le Grand Journal n\u2019ont pas \u00e9t\u00e9 simples.\u00a0<\/p>\n<p>Une premi\u00e8re ann\u00e9e tr\u00e8s compliqu\u00e9e pour la \u00ab\u00a0Miss M\u00e9t\u00e9o\u00a0\u00bb<\/p>\n<p>\u00ab\u00a0Sur mes premi\u00e8res chroniques, j&rsquo;\u00e9tais tr\u00e8s stress\u00e9e. Je pensais que \u00e7a allait durer pendant un mois, mais non, \u00e7a a dur\u00e9 au moins un an\u00a0\u00bb, avoue-t-elle \u00e0 Kyan Khojandi avant de reconna\u00eetre : \u00ab\u00a0<strong>J&rsquo;ai mis un an \u00e0 passer un palier. \u00c0 chaque fois, j&rsquo;\u00e9tais en panique :\u00a0&lsquo;Je vais me taper la honte, ce n&rsquo;est pas possible,<\/strong>\u00a0je vais ennuyer les gens&#8230;&rsquo;.\u00a0C&rsquo;\u00e9tait partag\u00e9 entre \u00e7a et &lsquo;ce que je vais faire c&rsquo;est trop cool\u2019\u00a0\u00bb.<\/p>\n<p>Finalement, Doria Tillier a trouv\u00e9 une astuce pour faire \u00e9vacuer le stress : \u00ab\u00a0Juste avant de descendre sur le plateau, j&rsquo;essayais de me rappeler dans les derni\u00e8res secondes pourquoi je le faisais : pour le plaisir. \u00c7a me portait beaucoup. C\u2019\u00e9tait mon boulot pr\u00e9f\u00e9r\u00e9\u00a0\u00bb, conclut-elle, visiblement nostalgique de cette \u00e9poque.\u00a0<\/p>\n<p>\n          Hits &amp; People en continu\n        <\/p>\n<p>\n          Public Radio\n        <\/p>\n<p>      Mentionn\u00e9s dans cet article<\/p>\n<p>      Sur le m\u00eame sujet<\/p>\n","protected":false},"excerpt":{"rendered":"Si, aujourd\u2019hui, Doria Tillier encha\u00eene les r\u00f4les et fait partie des com\u00e9diennes fran\u00e7aises les plus connues des spectateurs,&hellip;\n","protected":false},"author":2,"featured_media":526867,"comment_status":"","ping_status":"","sticky":false,"template":"","format":"standard","meta":{"footnotes":""},"categories":[1359],"tags":[10722,58,18090,59,1011,27,64614,64615,64616,973],"class_list":{"0":"post-526866","1":"post","2":"type-post","3":"status-publish","4":"format-standard","5":"has-post-thumbnail","7":"category-people","8":"tag-augustin-trapenard","9":"tag-divertissement","10":"tag-doria-tillier","11":"tag-entertainment","12":"tag-fr","13":"tag-france","14":"tag-kyan-khojandi","15":"tag-le-grand-journal","16":"tag-michel-denisot","17":"tag-people"},"share_on_mastodon":{"url":"https:\/\/pubeurope.com\/@fr\/115530407966736906","error":""},"_links":{"self":[{"href":"https:\/\/www.europesays.com\/fr\/wp-json\/wp\/v2\/posts\/526866","targetHints":{"allow":["GET"]}}],"collection":[{"href":"https:\/\/www.europesays.com\/fr\/wp-json\/wp\/v2\/posts"}],"about":[{"href":"https:\/\/www.europesays.com\/fr\/wp-json\/wp\/v2\/types\/post"}],"author":[{"embeddable":true,"href":"https:\/\/www.europesays.com\/fr\/wp-json\/wp\/v2\/users\/2"}],"replies":[{"embeddable":true,"href":"https:\/\/www.europesays.com\/fr\/wp-json\/wp\/v2\/comments?post=526866"}],"version-history":[{"count":0,"href":"https:\/\/www.europesays.com\/fr\/wp-json\/wp\/v2\/posts\/526866\/revisions"}],"wp:featuredmedia":[{"embeddable":true,"href":"https:\/\/www.europesays.com\/fr\/wp-json\/wp\/v2\/media\/526867"}],"wp:attachment":[{"href":"https:\/\/www.europesays.com\/fr\/wp-json\/wp\/v2\/media?parent=526866"}],"wp:term":[{"taxonomy":"category","embeddable":true,"href":"https:\/\/www.europesays.com\/fr\/wp-json\/wp\/v2\/categories?post=526866"},{"taxonomy":"post_tag","embeddable":true,"href":"https:\/\/www.europesays.com\/fr\/wp-json\/wp\/v2\/tags?post=526866"}],"curies":[{"name":"wp","href":"https:\/\/api.w.org\/{rel}","templated":true}]}}