{"id":526872,"date":"2025-11-11T09:44:25","date_gmt":"2025-11-11T09:44:25","guid":{"rendered":"https:\/\/www.europesays.com\/fr\/526872\/"},"modified":"2025-11-11T09:44:25","modified_gmt":"2025-11-11T09:44:25","slug":"celine-dion-nouveau-rebondissement-apres-avoir-repris-lhymne-a-lamour-cette-consecration-bien-meritee","status":"publish","type":"post","link":"https:\/\/www.europesays.com\/fr\/526872\/","title":{"rendered":"C\u00e9line Dion : nouveau rebondissement apr\u00e8s avoir repris L\u2019hymne \u00e0 l\u2019amour, cette cons\u00e9cration bien m\u00e9rit\u00e9e"},"content":{"rendered":"<p>      R\u00e9sum\u00e9<\/p>\n<p>C\u00e9line Dion c\u00e9l\u00e8bre un nouveau succ\u00e8s avec la certification Single Or de son \u00ab Hymne \u00e0 l\u2019amour \u00bb live aux Jeux Olympiques, marquant un retour \u00e9mouvant apr\u00e8s une p\u00e9riode difficile.<\/p>\n<p>        Sommaire<\/p>\n<p>C\u2019est une nouvelle qui va r\u00e9jouir tous les fans de la diva qu\u00e9b\u00e9coise ! Quelques mois apr\u00e8s avoir boulevers\u00e9 le monde entier lors de son retour surprise sur la sc\u00e8ne des Jeux Olympiques de Paris 2024, C\u00e9line Dion signe un nouvel exploit : son titre \u00ab Hymne \u00e0 l\u2019amour (Live aux Jeux Olympiques de Paris 2024) \u00bb vient d\u2019\u00eatre certifi\u00e9 Single Or, <strong>l\u2019\u00e9quivalent de 15 millions de streams<\/strong>. Une cons\u00e9cration symbolique et \u00e9mouvante pour une artiste qui, ces derni\u00e8res ann\u00e9es, a d\u00fb se battre contre la maladie et le silence.<\/p>\n<p>Le grand retour d\u2019une l\u00e9gende<\/p>\n<p>Souvenez-vous : le 11 ao\u00fbt 2024, lors de la c\u00e9r\u00e9monie de cl\u00f4ture des Jeux Olympiques, <a href=\"https:\/\/www.public.fr\/tag\/celine-dion\" rel=\"nofollow noopener\" target=\"_blank\">C\u00e9line Dion<\/a> faisait une apparition inattendue sur la sc\u00e8ne install\u00e9e au Stade de France. En robe blanche, silhouette gracile, mais regard d\u00e9termin\u00e9, elle interpr\u00e9tait L\u2019Hymne \u00e0 l\u2019amour d\u2019\u00c9dith Piaf. En quelques minutes, la chanteuse de 56 ans a prouv\u00e9 que malgr\u00e9 <a href=\"https:\/\/www.public.fr\/pas-a-labri-de-garou-donne-des-nouvelles-de-celine-dion\" rel=\"nofollow noopener\" target=\"_blank\">ses nombreux soucis de sant\u00e9 r\u00e9cents<\/a>, elle n&rsquo;a rien perdu de sa superbe. <\/p>\n<p>Sa voix, \u00e0 la fois fragile et puissante, a \u00e9mu des millions de t\u00e9l\u00e9spectateurs. Le monde entier saluait ce moment suspendu, cette performance hors du temps qui rappelait \u00e0 tous pourquoi C\u00e9line Dion est une ic\u00f4ne.<\/p>\n<p>Une chanson symbolique <\/p>\n<p>Quelques jours apr\u00e8s la c\u00e9r\u00e9monie, la performance a \u00e9t\u00e9 diffus\u00e9e sur les plateformes de streaming sous le titre \u00ab Hymne \u00e0 l\u2019amour (Live From The Olympic Games Paris 2024) \u00bb. Rapidement, la chanson s\u2019est hiss\u00e9e dans les classements du monde entier.<\/p>\n<p>Les fans ont rejou\u00e9 le titre en boucle, boulevers\u00e9s par la sinc\u00e9rit\u00e9 et la profondeur de son interpr\u00e9tation.<\/p>\n<p>\u00ab Cette chanson, je l\u2019ai chant\u00e9e avec tout mon c\u0153ur \u00bb, confiait-elle peu apr\u00e8s l\u2019\u00e9v\u00e9nement. \u00ab L\u2019Hymne \u00e0 l\u2019amour, c\u2019est un texte universel. Il parle de ce que nous avons de plus fort en nous : la capacit\u00e9 d\u2019aimer, envers et contre tout. \u00bb. <\/p>\n<p>La cons\u00e9cration d\u2019un combat<\/p>\n<p>Et contre tout, C\u00e9line Dion a d\u00fb se battre. Depuis qu\u2019elle a r\u00e9v\u00e9l\u00e9, en d\u00e9cembre 2022, \u00eatre atteinte <a href=\"https:\/\/www.public.fr\/diaporamas\/celine-dion-etranglee-quand-elle-chante-et-plusieurs-cotes-cassees-les-terribles-consequences-du-syndrome-de-la-personne-raide\" rel=\"nofollow noopener\" target=\"_blank\">du <strong>syndrome de la personne raide<\/strong><\/a>, une maladie neurologique rare qui provoque des spasmes musculaires s\u00e9v\u00e8res, la star a travers\u00e9 une \u00e9preuve immense.<\/p>\n<p>Entre traitements, r\u00e9\u00e9ducation et espoir, la chanteuse s\u2019est faite discr\u00e8te, se concentrant sur sa sant\u00e9 et sur ses enfants. Alors, voir ce live devenir Single Or est bien plus qu\u2019un succ\u00e8s commercial : c\u2019est un symbole. Celui de la r\u00e9silience, de la passion et d\u2019une carri\u00e8re que rien ne semble pouvoir \u00e9teindre.<\/p>\n<blockquote class=\"twitter-tweet\">\n<p>Le titre \u00ab Hymne \u00e0 L\u2019Amour (Live Aux Jeux Olympiques De Paris 2024 \/ Live From The Olympic Games Paris 2024) \u00bb de C\u00e9line Dion est certifi\u00e9 Single Or ! \ud83d\udcc0<\/p>\n<p>15 000 000 \u00e9quivalents streams \ud83c\udfa7<\/p>\n<p>Bravo ! \ud83d\udc4f <a href=\"https:\/\/t.co\/j7tkNRW8gc\" rel=\"nofollow\">pic.twitter.com\/j7tkNRW8gc<\/a><\/p>\n<p>\u2014 Le SNEP (@snep) <a href=\"https:\/\/twitter.com\/snep\/status\/1987869504161136820?ref_src=twsrc%5Etfw\" rel=\"nofollow noopener\" target=\"_blank\">November 10, 2025<\/a><\/p><\/blockquote>\n<p>\n          Hits &amp; People en continu\n        <\/p>\n<p>\n          Public Radio\n        <\/p>\n<p>      Mentionn\u00e9s dans cet article<\/p>\n<p>      Sur le m\u00eame sujet<\/p>\n<p>  <script async src=\"https:\/\/platform.twitter.com\/widgets.js\" charset=\"utf-8\"><\/script><\/p>\n","protected":false},"excerpt":{"rendered":"R\u00e9sum\u00e9 C\u00e9line Dion c\u00e9l\u00e8bre un nouveau succ\u00e8s avec la certification Single Or de son \u00ab Hymne \u00e0 l\u2019amour&hellip;\n","protected":false},"author":2,"featured_media":526873,"comment_status":"","ping_status":"","sticky":false,"template":"","format":"standard","meta":{"footnotes":""},"categories":[1355],"tags":[7043,1695,58,59,1011,27,3996,1361,873],"class_list":{"0":"post-526872","1":"post","2":"type-post","3":"status-publish","4":"format-standard","5":"has-post-thumbnail","7":"category-musique","8":"tag-celine-dion","9":"tag-chanson","10":"tag-divertissement","11":"tag-entertainment","12":"tag-fr","13":"tag-france","14":"tag-jeux-olympiques","15":"tag-music","16":"tag-musique"},"share_on_mastodon":{"url":"https:\/\/pubeurope.com\/@fr\/115530423940588973","error":""},"_links":{"self":[{"href":"https:\/\/www.europesays.com\/fr\/wp-json\/wp\/v2\/posts\/526872","targetHints":{"allow":["GET"]}}],"collection":[{"href":"https:\/\/www.europesays.com\/fr\/wp-json\/wp\/v2\/posts"}],"about":[{"href":"https:\/\/www.europesays.com\/fr\/wp-json\/wp\/v2\/types\/post"}],"author":[{"embeddable":true,"href":"https:\/\/www.europesays.com\/fr\/wp-json\/wp\/v2\/users\/2"}],"replies":[{"embeddable":true,"href":"https:\/\/www.europesays.com\/fr\/wp-json\/wp\/v2\/comments?post=526872"}],"version-history":[{"count":0,"href":"https:\/\/www.europesays.com\/fr\/wp-json\/wp\/v2\/posts\/526872\/revisions"}],"wp:featuredmedia":[{"embeddable":true,"href":"https:\/\/www.europesays.com\/fr\/wp-json\/wp\/v2\/media\/526873"}],"wp:attachment":[{"href":"https:\/\/www.europesays.com\/fr\/wp-json\/wp\/v2\/media?parent=526872"}],"wp:term":[{"taxonomy":"category","embeddable":true,"href":"https:\/\/www.europesays.com\/fr\/wp-json\/wp\/v2\/categories?post=526872"},{"taxonomy":"post_tag","embeddable":true,"href":"https:\/\/www.europesays.com\/fr\/wp-json\/wp\/v2\/tags?post=526872"}],"curies":[{"name":"wp","href":"https:\/\/api.w.org\/{rel}","templated":true}]}}