{"id":526888,"date":"2025-11-11T09:54:20","date_gmt":"2025-11-11T09:54:20","guid":{"rendered":"https:\/\/www.europesays.com\/fr\/526888\/"},"modified":"2025-11-11T09:54:20","modified_gmt":"2025-11-11T09:54:20","slug":"a-quelle-heure-et-sur-quelle-chaine-voir-france-fidji-le-2e-test-match-des-bleus","status":"publish","type":"post","link":"https:\/\/www.europesays.com\/fr\/526888\/","title":{"rendered":"\u00e0 quelle heure et sur quelle cha\u00eene voir France-Fidji, le 2e test-match des Bleus ?"},"content":{"rendered":"<p>\n    Apr\u00e8s leur d\u00e9faite face aux Springboks champions du monde, les Tricolores doivent se relancer face aux Fidjiens, \u00e0 Bordeaux.<\/p>\n<p class=\"fig-paragraph\">Apr\u00e8s\u00a0<a href=\"http:\/\/www.lefigaro.fr\/sports\/rugby\/xv-de-france\/france-afrique-du-sud-une-melee-secouee-erasmus-fin-tacticien-un-banc-inefficace-les-coups-de-coeur-et-coups-de-griffe-de-nos-envoyes-speciaux-20251109\" data-fig-type=\"NewsFlash\" data-gtm-custom-categorie=\"navigation\" data-gtm-custom-action=\"crossclick\" data-gtm-custom-label=\"Contextuel\" data-gtm-event=\"customEventSPE\" data-fig-domain=\"LEFIGARO\" rel=\"nofollow noopener\" target=\"_blank\">la claque re\u00e7ue samedi contre les Springboks (32-17)<\/a>\u00a0au Stade de France, les Bleus doivent se relever et repartir au combat. La troupe de\u00a0<a href=\"http:\/\/www.lefigaro.fr\/sports\/rugby\/xv-de-france\/fabien-galthie-on-va-voir-comment-on-digere-cet-echec-20251109\" data-fig-type=\"NewsFlash\" data-gtm-custom-categorie=\"navigation\" data-gtm-custom-action=\"crossclick\" data-gtm-custom-label=\"Contextuel\" data-gtm-event=\"customEventSPE\" data-fig-domain=\"LEFIGARO\" rel=\"nofollow noopener\" target=\"_blank\">Fabien Galthi\u00e9<\/a>\u00a0a une tourn\u00e9e \u00e0 terminer, en affrontant d\u2019abord les Fidji puis en d\u00e9fiant, la semaine suivante, l\u2019Australie. \u00abIl faut repartir au boulot, baisser la t\u00eate et rebosser\u00bb, a martel\u00e9 Julien Marchand, le talonneur toulousain, avec le Mondial 2027 en Australie toujours en ligne de mire.<\/p>\n<p class=\"fig-paragraph\">Le deuxi\u00e8me test-match du XV de France, face aux Fidji, aura lieu le samedi 15 novembre au Stade Atlantique de Bordeaux. Coup d\u2019envoi pr\u00e9vu \u00e0 21h10. Une rencontre qui sera \u00e0 suivre sur les antennes de TF1. Un live en direct comment\u00e9 sera \u00e9galement disponible sur le site du Figaro Sport.<\/p>\n<p>                                    <a class=\"fig-a11y-skip a11y-hidden\" href=\"#fig-a11y-skip-main-inarticle\"><br \/>\n        Passer la publicit\u00e9<br \/>\n    <\/a><\/p>\n<p class=\"fig-paragraph\">Il sera arbitr\u00e9 par l\u2019Anglais Christophe Ridley, accompagn\u00e9 par le G\u00e9orgien Nika Amashukeli et le Sud-Africain Morn\u00e9 Ferreira.<\/p>\n","protected":false},"excerpt":{"rendered":"Apr\u00e8s leur d\u00e9faite face aux Springboks champions du monde, les Tricolores doivent se relancer face aux Fidjiens, \u00e0&hellip;\n","protected":false},"author":2,"featured_media":526889,"comment_status":"","ping_status":"","sticky":false,"template":"","format":"standard","meta":{"footnotes":""},"categories":[2],"tags":[11,1997,12116,20024,1011,27,12],"class_list":{"0":"post-526888","1":"post","2":"type-post","3":"status-publish","4":"format-standard","5":"has-post-thumbnail","7":"category-actualites","8":"tag-actualites","9":"tag-bordeaux","10":"tag-ffr","11":"tag-fidji","12":"tag-fr","13":"tag-france","14":"tag-news"},"share_on_mastodon":{"url":"https:\/\/pubeurope.com\/@fr\/115530463070316999","error":""},"_links":{"self":[{"href":"https:\/\/www.europesays.com\/fr\/wp-json\/wp\/v2\/posts\/526888","targetHints":{"allow":["GET"]}}],"collection":[{"href":"https:\/\/www.europesays.com\/fr\/wp-json\/wp\/v2\/posts"}],"about":[{"href":"https:\/\/www.europesays.com\/fr\/wp-json\/wp\/v2\/types\/post"}],"author":[{"embeddable":true,"href":"https:\/\/www.europesays.com\/fr\/wp-json\/wp\/v2\/users\/2"}],"replies":[{"embeddable":true,"href":"https:\/\/www.europesays.com\/fr\/wp-json\/wp\/v2\/comments?post=526888"}],"version-history":[{"count":0,"href":"https:\/\/www.europesays.com\/fr\/wp-json\/wp\/v2\/posts\/526888\/revisions"}],"wp:featuredmedia":[{"embeddable":true,"href":"https:\/\/www.europesays.com\/fr\/wp-json\/wp\/v2\/media\/526889"}],"wp:attachment":[{"href":"https:\/\/www.europesays.com\/fr\/wp-json\/wp\/v2\/media?parent=526888"}],"wp:term":[{"taxonomy":"category","embeddable":true,"href":"https:\/\/www.europesays.com\/fr\/wp-json\/wp\/v2\/categories?post=526888"},{"taxonomy":"post_tag","embeddable":true,"href":"https:\/\/www.europesays.com\/fr\/wp-json\/wp\/v2\/tags?post=526888"}],"curies":[{"name":"wp","href":"https:\/\/api.w.org\/{rel}","templated":true}]}}