{"id":526890,"date":"2025-11-11T09:55:19","date_gmt":"2025-11-11T09:55:19","guid":{"rendered":"https:\/\/www.europesays.com\/fr\/526890\/"},"modified":"2025-11-11T09:55:19","modified_gmt":"2025-11-11T09:55:19","slug":"saint-etienne-du-design-dans-le-quotidien","status":"publish","type":"post","link":"https:\/\/www.europesays.com\/fr\/526890\/","title":{"rendered":"Saint-Etienne\u00a0: du design dans le quotidien"},"content":{"rendered":"<p class=\"is-style-chapo\">Le 7 novembre dernier, la Cit\u00e9 du design a lanc\u00e9 sa nouvelle saison culturelle. Parmi les nouveaut\u00e9s, deux expositions principales, \u00ab\u00a0Catalogue des objets trouv\u00e9s\u00a0\u00bb et \u00ab\u00a0En mouvement\u00a0\u00bb, \u00e0 voir jusqu\u2019au 1er mars 2026. Dans la premi\u00e8re, Stefania Di Petrillo y expose une partie des objets qui ont anim\u00e9 sa chronique pour M, le magazine du Monde pendant dix ans\u2026<\/p>\n<p><img fetchpriority=\"high\" decoding=\"async\" width=\"1024\" height=\"576\" src=\"https:\/\/www.europesays.com\/fr\/wp-content\/uploads\/2025\/11\/IMG_4052-1024x576.jpg\" alt=\"Cit\u00e9 du design\" class=\"wp-image-80990\"  \/>Ces expositions sont visibles jusqu\u2019au 1er mars 2026. \u00a9JT\/ If Saint-Etienne<\/p>\n<p>\u00ab\u00a0L\u2019objectif est de montrer que le design, \u00e7a parle \u00e0 tout le monde\u00a0\u00bb. Pendant une dizaine d\u2019ann\u00e9es, Stefania Di Petrillo a anim\u00e9 une rubrique intitul\u00e9e \u00ab\u00a0Objets trouv\u00e9s\u00a0\u00bb pour <a href=\"https:\/\/www.lemonde.fr\/m-le-mag\/\" target=\"_blank\" rel=\"noreferrer noopener\">M, le. Magazine du Monde<\/a>. Elle-m\u00eame designeuse, elle met en lumi\u00e8re des objets du quotidien dans sa chronique, qu\u2019elle consid\u00e8re comme \u00e9tant fonctionnels, ing\u00e9nieux et durables. De ces dix ans de collaboration, elle tire un livre aux \u00e9ditions les Ar\u00e8nes, ainsi qu\u2019une exposition qui pr\u00e9sente une partie de cette collection. Accessoires de bureau, ustensiles de cuisine, outils\u2026 au total, plus de 150 objets de tout univers sont expos\u00e9s \u00e0 la cit\u00e9 du design du 7 novembre au 1er mars. Pour la plupart, des objets familiers, parfois devenus vintage, mais surtout incontournables.<\/p>\n<p>150 objets<\/p>\n<p>En d\u00e9ambulant \u00e0 travers les huit panneaux de l\u2019exposition, on retrace l\u2019histoire de l\u2019invention de la punaise, de la cafeti\u00e8re vietnamienne, de la gourde en m\u00e9tal, ou encore du panier pour escalier. L\u2019occasion de porter un regard diff\u00e9rent sur ces objets du quotidien. On y trouve \u00e9galement une \u00e9vocation du pass\u00e9 industriel de Saint-Etienne. \u00ab C\u2019est un clin d\u2019\u0153il au catalogue Manufrance, pointe Laurence Salmon, directrice du d\u00e9veloppement culturel et artistique de la Cit\u00e9 du design. Avec ces 150 objets, le visiteur va d\u00e9couvrir que l\u2019on est tous amateurs de design sans le savoir\u00a0\u00bb.<\/p>\n<p>En parall\u00e8le, David Dubois pr\u00e9sente donc l\u2019exposition \u00ab\u00a0En mouvement\u00a0\u00bb. Une immersion dans le travail de ce designer sc\u00e9nographe qui permet de d\u00e9couvrir quelques-unes de ses pi\u00e8ces marquantes. Des expositions qui semblent remettre l\u2019objet au c\u0153ur de la <a href=\"https:\/\/www.if-saint-etienne.fr\/breves\/lepcc-cite-du-design-a-un-nouveau-directeur\" target=\"_blank\" rel=\"noreferrer noopener\">Cit\u00e9 du design<\/a>.<\/p>\n<p>L\u2019accent mis sur l\u2019accessibilit\u00e9<\/p>\n<p>\u00ab\u00a0Le point qui relie les expositions entre elles, c\u2019est cette accessibilit\u00e9 du design, estime Marc Chassaub\u00e9n\u00e9, pr\u00e9sident de l\u2019EPCC Cit\u00e9 du design. Un design vivant, ancr\u00e9 dans le r\u00e9el, et qui parle \u00e0 tous. Un design qui nous relie. C\u2019est vraiment le fil conducteur de toutes les expositions\u00a0\u00bb. Un sentiment partag\u00e9 par le directeur de l\u2019\u00e9tablissement, Eric Jourdan. \u00ab\u00a0On a quand m\u00eame l\u2019impression que l\u2019on progresse, qu\u2019il y a une qualit\u00e9 qui appara\u00eet, et une Cit\u00e9 du design qui devient r\u00e9elle\u00a0\u00bb.<\/p>\n<p>En parall\u00e8le de ces expositions, la Platine pr\u00e9sente le travail d\u2019une jeune dipl\u00f4m\u00e9e de l\u2019Esad Saint-Etienne, Romane Pinault. La jeune designeuse s\u2019est pench\u00e9e sur la pr\u00e9sence des designers femmes dans le monde de la typographie et du graphisme. Enfin, l\u2019exposition collaborative \u00ab\u00a0b\u00e2tons et \u00e9lastiques\u00a0\u00bb vise \u00e0 former une grande structure collective \u00e0 terme, \u00e0 l\u2019aide du public\u2026 \u00a0<\/p>\n","protected":false},"excerpt":{"rendered":"Le 7 novembre dernier, la Cit\u00e9 du design a lanc\u00e9 sa nouvelle saison culturelle. Parmi les nouveaut\u00e9s, deux&hellip;\n","protected":false},"author":2,"featured_media":526891,"comment_status":"","ping_status":"","sticky":false,"template":"","format":"standard","meta":{"footnotes":""},"categories":[9653],"tags":[1111,11,2430,24098,64618,23340,1777,674,64619,64620,1011,27,12,25,4001,64621],"class_list":{"0":"post-526890","1":"post","2":"type-post","3":"status-publish","4":"format-standard","5":"has-post-thumbnail","7":"category-saint-etienne","8":"tag-actu","9":"tag-actualites","10":"tag-auvergne-rhone-alpes","11":"tag-cite-du-design","12":"tag-cite-du-design-saint-etienne","13":"tag-creatif","14":"tag-eu","15":"tag-europe","16":"tag-exposition-cite-du-design","17":"tag-exposition-saint-etienne","18":"tag-fr","19":"tag-france","20":"tag-news","21":"tag-republique-francaise","22":"tag-saint-etienne","23":"tag-stefania-di-petrillo"},"share_on_mastodon":{"url":"https:\/\/pubeurope.com\/@fr\/115530467848998292","error":""},"_links":{"self":[{"href":"https:\/\/www.europesays.com\/fr\/wp-json\/wp\/v2\/posts\/526890","targetHints":{"allow":["GET"]}}],"collection":[{"href":"https:\/\/www.europesays.com\/fr\/wp-json\/wp\/v2\/posts"}],"about":[{"href":"https:\/\/www.europesays.com\/fr\/wp-json\/wp\/v2\/types\/post"}],"author":[{"embeddable":true,"href":"https:\/\/www.europesays.com\/fr\/wp-json\/wp\/v2\/users\/2"}],"replies":[{"embeddable":true,"href":"https:\/\/www.europesays.com\/fr\/wp-json\/wp\/v2\/comments?post=526890"}],"version-history":[{"count":0,"href":"https:\/\/www.europesays.com\/fr\/wp-json\/wp\/v2\/posts\/526890\/revisions"}],"wp:featuredmedia":[{"embeddable":true,"href":"https:\/\/www.europesays.com\/fr\/wp-json\/wp\/v2\/media\/526891"}],"wp:attachment":[{"href":"https:\/\/www.europesays.com\/fr\/wp-json\/wp\/v2\/media?parent=526890"}],"wp:term":[{"taxonomy":"category","embeddable":true,"href":"https:\/\/www.europesays.com\/fr\/wp-json\/wp\/v2\/categories?post=526890"},{"taxonomy":"post_tag","embeddable":true,"href":"https:\/\/www.europesays.com\/fr\/wp-json\/wp\/v2\/tags?post=526890"}],"curies":[{"name":"wp","href":"https:\/\/api.w.org\/{rel}","templated":true}]}}