{"id":526900,"date":"2025-11-11T10:07:16","date_gmt":"2025-11-11T10:07:16","guid":{"rendered":"https:\/\/www.europesays.com\/fr\/526900\/"},"modified":"2025-11-11T10:07:16","modified_gmt":"2025-11-11T10:07:16","slug":"nimes-passer-un-examen-medical-important-sans-rendez-vous-cest-possible-avec-ce-camion-rose","status":"publish","type":"post","link":"https:\/\/www.europesays.com\/fr\/526900\/","title":{"rendered":"N\u00eemes. Passer un examen m\u00e9dical important sans rendez-vous, c&rsquo;est possible avec ce camion rose"},"content":{"rendered":"<p>            Par<br \/>\n        <strong><br \/>\n            <a href=\"https:\/\/actu.fr\/auteur\/kim-janiec\" title=\"Consulter tous les articles de Kim JANIEC\" rel=\"nofollow noopener\" target=\"_blank\">Kim JANIEC<\/a><br \/>\n        <\/strong><\/p>\n<p>        Publi\u00e9 le<\/p>\n<p>            11 nov. 2025 \u00e0 9h58        <\/p>\n<p>Octobre rose est termin\u00e9. Le mois de novembre laisse place \u00e0 la sensibilisation pour la sant\u00e9 masculine. Pour autant, <strong>les d\u00e9pistages du cancer du sein se poursuivent<\/strong> toutes l\u2019ann\u00e9e et toutes les femmes de 50 \u00e0 74\u00a0ans sont invit\u00e9es, par l\u2019Assurance maladie, \u00e0 se faire tester tous les deux ans.<\/p>\n<p>La radio vient aux femmes<\/p>\n<p class=\" wall-content\">Apr\u00e8s avoir sillonn\u00e9 une bonne partie du Gard entre septembre et octobre, la \u00ab\u2009Mammobile\u2009\u00bb fait deux arr\u00eats \u00e0 <a href=\"https:\/\/actu.fr\/nimes\/\" rel=\"nofollow noopener\" target=\"_blank\">N\u00eemes<\/a> (Gard). Les <strong>13 et 14\u00a0novembre 2025<\/strong>, le camion recevra les femmes de 50 \u00e0 74\u00a0ans afin de r\u00e9aliser une mammographie et de <strong>d\u00e9tecter de potentielles anomalies<\/strong>.<\/p>\n<p class=\" wall-content\">Les patientes doivent \u00eatre couvertes par l\u2019Assurance maladie pour la prise en charge totale de l\u2019acte m\u00e9dical, <strong>sans avance de frais<\/strong>. Leur derni\u00e8re mammographie doit remonter \u00e0 21\u00a0mois minimum et il faut se munir d\u2019une pi\u00e8ce d\u2019identit\u00e9 et de la carte vitale.<\/p>\n<p>Une consultation rapide et indispensable<\/p>\n<p class=\" wall-content\">L\u2019avantage avec ce dispositif mobile est que l\u2019examen se fait <strong>sans rendez-vous, ni ordonnance<\/strong>.\u00a0La consultation comprenant la radiographie dure environ 20\u00a0minutes. Un court moment indispensable pour identifier et traiter le plus rapidement possible de potentiels cancers.<\/p>\n<p class=\" wall-content\">Dans le camion, comme dans n\u2019importe quel centre, deux images par sein sont captur\u00e9es avec les \u00e9quipements adapt\u00e9s et contr\u00f4l\u00e9s. Celles-ci sont ensuite lues par les <strong>m\u00e9decins sp\u00e9cialis\u00e9s de l\u2019Institut du Cancer de Montpellier<\/strong>.<\/p>\n<p>\u00c0 N\u00eemes, mais pas seulement<\/p>\n<p class=\" wall-content\">Le 13\u00a0novembre, les \u00e9quipes de b\u00e9n\u00e9voles s\u2019installent <strong>devant le Nemausus<\/strong>, avenue du G\u00e9n\u00e9ral Leclerc (9h \u00e0 17h45). Elles se trouveront le lendemain <strong>au centre Andr\u00e9-Malraux<\/strong>, avenue De Lattre de Tassigny, aux m\u00eames horaires.<\/p>\n<p>Votre r\u00e9gion, votre actu !<\/p>\n<p>Recevez chaque jour les infos qui comptent pour vous.<\/p>\n<p>\t<a href=\"https:\/\/actu.fr\/newsletter\" class=\"ac-btn ac-btn--corner ac-btn--medium ac-btn--blue800\" rel=\"nofollow noopener\" target=\"_blank\">S&rsquo;incrire<\/a><\/p>\n<p class=\" wall-content\">La Mammobile poursuivra sa route dans l\u2019H\u00e9rault avant d\u2019atterrir \u00e0 nouveau dans le Gard \u00e0 <strong>Saint-Jean-du-Gard<\/strong> le 8\u00a0d\u00e9cembre au parking de la Poste, puis \u00e0 <strong>Quissac<\/strong> le 5\u00a0f\u00e9vrier 2026.<\/p>\n<p class=\" wall-content\">Personnalisez votre actualit\u00e9 en ajoutant vos villes et m\u00e9dias en favori avec <a href=\"https:\/\/moncompte.actu.fr\" title=\"D\u00e9couvez Mon Actu\" rel=\"nofollow noopener\" data-trk=\"{&quot;cta&quot;:{&quot;action&quot;:&quot;https:\\\/\\\/moncompte.actu.fr&quot;,&quot;category&quot;:&quot;mon compte&quot;,&quot;from&quot;:&quot;article footer&quot;,&quot;name&quot;:&quot;Mon actu&quot;,&quot;type&quot;:&quot;cta&quot;}}\" target=\"_blank\">Mon Actu<\/a>.<\/p>\n","protected":false},"excerpt":{"rendered":"Par Kim JANIEC Publi\u00e9 le 11 nov. 2025 \u00e0 9h58 Octobre rose est termin\u00e9. Le mois de novembre&hellip;\n","protected":false},"author":2,"featured_media":526901,"comment_status":"","ping_status":"","sticky":false,"template":"","format":"standard","meta":{"footnotes":""},"categories":[9599],"tags":[1111,11,101,1777,674,1011,27,2208,12,2680,25,71,104],"class_list":{"0":"post-526900","1":"post","2":"type-post","3":"status-publish","4":"format-standard","5":"has-post-thumbnail","7":"category-montpellier","8":"tag-actu","9":"tag-actualites","10":"tag-cancer","11":"tag-eu","12":"tag-europe","13":"tag-fr","14":"tag-france","15":"tag-montpellier","16":"tag-news","17":"tag-occitanie","18":"tag-republique-francaise","19":"tag-sante","20":"tag-societe"},"share_on_mastodon":{"url":"https:\/\/pubeurope.com\/@fr\/115530514112282203","error":""},"_links":{"self":[{"href":"https:\/\/www.europesays.com\/fr\/wp-json\/wp\/v2\/posts\/526900","targetHints":{"allow":["GET"]}}],"collection":[{"href":"https:\/\/www.europesays.com\/fr\/wp-json\/wp\/v2\/posts"}],"about":[{"href":"https:\/\/www.europesays.com\/fr\/wp-json\/wp\/v2\/types\/post"}],"author":[{"embeddable":true,"href":"https:\/\/www.europesays.com\/fr\/wp-json\/wp\/v2\/users\/2"}],"replies":[{"embeddable":true,"href":"https:\/\/www.europesays.com\/fr\/wp-json\/wp\/v2\/comments?post=526900"}],"version-history":[{"count":0,"href":"https:\/\/www.europesays.com\/fr\/wp-json\/wp\/v2\/posts\/526900\/revisions"}],"wp:featuredmedia":[{"embeddable":true,"href":"https:\/\/www.europesays.com\/fr\/wp-json\/wp\/v2\/media\/526901"}],"wp:attachment":[{"href":"https:\/\/www.europesays.com\/fr\/wp-json\/wp\/v2\/media?parent=526900"}],"wp:term":[{"taxonomy":"category","embeddable":true,"href":"https:\/\/www.europesays.com\/fr\/wp-json\/wp\/v2\/categories?post=526900"},{"taxonomy":"post_tag","embeddable":true,"href":"https:\/\/www.europesays.com\/fr\/wp-json\/wp\/v2\/tags?post=526900"}],"curies":[{"name":"wp","href":"https:\/\/api.w.org\/{rel}","templated":true}]}}