{"id":526902,"date":"2025-11-11T10:08:13","date_gmt":"2025-11-11T10:08:13","guid":{"rendered":"https:\/\/www.europesays.com\/fr\/526902\/"},"modified":"2025-11-11T10:08:13","modified_gmt":"2025-11-11T10:08:13","slug":"controle-routier-explosif-il-conduisait-avec-du-whisky-en-main","status":"publish","type":"post","link":"https:\/\/www.europesays.com\/fr\/526902\/","title":{"rendered":"contr\u00f4le routier explosif, il conduisait avec du whisky en main"},"content":{"rendered":"<p>            Par<br \/>\n        <strong><br \/>\n            <a href=\"https:\/\/actu.fr\/auteur\/lea-pippinato\" title=\"Consulter tous les articles de L\u00e9a Pippinato\" target=\"_blank\" rel=\"noopener\">L\u00e9a Pippinato<\/a><br \/>\n        <\/strong><\/p>\n<p>        Publi\u00e9 le<\/p>\n<p>            11 nov. 2025 \u00e0 10h37        <\/p>\n<p><strong>Ce samedi 8 novembre 2025<\/strong>, la matin\u00e9e \u00e9tait calme entre l\u2019avenue du Petit Bard et l\u2019avenue de Lod\u00e8ve \u00e0 Montpellier. Les policiers nationaux menaient un banal contr\u00f4le routier. Soudain, un v\u00e9hicule surgit \u00e0 vive allure et franchit un feu rouge sans s\u2019arr\u00eater. Les agents se placent imm\u00e9diatement pour le stopper.<\/p>\n<p>    <a href=\"https:\/\/www.google.com\/maps\/embed?pb=!1m18!1m12!1m3!1d2888.5522250177996!2d3.833423876460277!3d43.615864071103935!2m3!1f0!2f0!3f0!3m2!1i1024!2i768!4f13.1!3m3!1m2!1s0x12b6ae88bc06164b%3A0x2c89fad1cf4f0f95!2sAv.%20du%20Petit%20Bard%2C%2034080%20Montpellier!5e0!3m2!1sfr!2sfr!4v1762848619072!5m2!1sfr!2sfr\" title=\"Ouvrie le lien\" target=\"_blank\" rel=\"noopener\">Cliquez ici pour visualiser le contenu<\/a><\/p>\n<p class=\" wall-content\">Lorsque la voiture s\u2019immobilise, les policiers remarquent un geste suspect. Le conducteur tente de dissimuler un verre de whisky dans sa main gauche. L\u2019homme, \u00e2g\u00e9 de 34 ans, para\u00eet nerveux et agit\u00e9. Les forces de l\u2019ordre proc\u00e8dent alors \u00e0 un d\u00e9pistage. Le r\u00e9sultat est sans appel : positif \u00e0 la coca\u00efne et \u00e0 l\u2019alcool.<\/p>\n<p>Une interpellation particuli\u00e8rement violente<\/p>\n<p class=\" wall-content\">Au moment d\u2019\u00eatre conduit au commissariat, l\u2019individu refuse d\u2019obtemp\u00e9rer. Son agitation s\u2019intensifie. Les policiers doivent demander du renfort pour le ma\u00eetriser, et deux agents sont bless\u00e9s \u00e0 la main. Les deux fonctionnaires, touch\u00e9s lors de l\u2019intervention, ont port\u00e9 plainte. L\u2019agresseur, lui, a \u00e9t\u00e9 plac\u00e9 en garde \u00e0 vue. <strong> Ce lundi 10 novembre \u00e0 8h30<\/strong>, l\u2019homme a \u00e9t\u00e9 d\u00e9f\u00e9r\u00e9 au tribunal judiciaire de Montpellier, et sera jug\u00e9 dans le cadre d\u2019une convocation par proc\u00e8s-verbal.<\/p>\n<p class=\" wall-content\">Personnalisez votre actualit\u00e9 en ajoutant vos villes et m\u00e9dias en favori avec <a href=\"https:\/\/moncompte.actu.fr\" title=\"D\u00e9couvez Mon Actu\" rel=\"nofollow noopener\" data-trk=\"{&quot;cta&quot;:{&quot;action&quot;:&quot;https:\\\/\\\/moncompte.actu.fr&quot;,&quot;category&quot;:&quot;mon compte&quot;,&quot;from&quot;:&quot;article footer&quot;,&quot;name&quot;:&quot;Mon actu&quot;,&quot;type&quot;:&quot;cta&quot;}}\" target=\"_blank\">Mon Actu<\/a>.<\/p>\n","protected":false},"excerpt":{"rendered":"Par L\u00e9a Pippinato Publi\u00e9 le 11 nov. 2025 \u00e0 10h37 Ce samedi 8 novembre 2025, la matin\u00e9e \u00e9tait&hellip;\n","protected":false},"author":2,"featured_media":526903,"comment_status":"","ping_status":"","sticky":false,"template":"","format":"standard","meta":{"footnotes":""},"categories":[9599],"tags":[1111,11,5702,1052,1777,674,118,1011,27,2208,12,2680,1072,25],"class_list":{"0":"post-526902","1":"post","2":"type-post","3":"status-publish","4":"format-standard","5":"has-post-thumbnail","7":"category-montpellier","8":"tag-actu","9":"tag-actualites","10":"tag-alcool","11":"tag-drogue","12":"tag-eu","13":"tag-europe","14":"tag-faits-divers","15":"tag-fr","16":"tag-france","17":"tag-montpellier","18":"tag-news","19":"tag-occitanie","20":"tag-police","21":"tag-republique-francaise"},"share_on_mastodon":{"url":"https:\/\/pubeurope.com\/@fr\/115530518082553342","error":""},"_links":{"self":[{"href":"https:\/\/www.europesays.com\/fr\/wp-json\/wp\/v2\/posts\/526902","targetHints":{"allow":["GET"]}}],"collection":[{"href":"https:\/\/www.europesays.com\/fr\/wp-json\/wp\/v2\/posts"}],"about":[{"href":"https:\/\/www.europesays.com\/fr\/wp-json\/wp\/v2\/types\/post"}],"author":[{"embeddable":true,"href":"https:\/\/www.europesays.com\/fr\/wp-json\/wp\/v2\/users\/2"}],"replies":[{"embeddable":true,"href":"https:\/\/www.europesays.com\/fr\/wp-json\/wp\/v2\/comments?post=526902"}],"version-history":[{"count":0,"href":"https:\/\/www.europesays.com\/fr\/wp-json\/wp\/v2\/posts\/526902\/revisions"}],"wp:featuredmedia":[{"embeddable":true,"href":"https:\/\/www.europesays.com\/fr\/wp-json\/wp\/v2\/media\/526903"}],"wp:attachment":[{"href":"https:\/\/www.europesays.com\/fr\/wp-json\/wp\/v2\/media?parent=526902"}],"wp:term":[{"taxonomy":"category","embeddable":true,"href":"https:\/\/www.europesays.com\/fr\/wp-json\/wp\/v2\/categories?post=526902"},{"taxonomy":"post_tag","embeddable":true,"href":"https:\/\/www.europesays.com\/fr\/wp-json\/wp\/v2\/tags?post=526902"}],"curies":[{"name":"wp","href":"https:\/\/api.w.org\/{rel}","templated":true}]}}