{"id":526904,"date":"2025-11-11T10:09:13","date_gmt":"2025-11-11T10:09:13","guid":{"rendered":"https:\/\/www.europesays.com\/fr\/526904\/"},"modified":"2025-11-11T10:09:13","modified_gmt":"2025-11-11T10:09:13","slug":"rouen-mr-fraize-cede-sa-place-a-mme-fraize-pour-son-spectacle-un-hommage-aux-femmes","status":"publish","type":"post","link":"https:\/\/www.europesays.com\/fr\/526904\/","title":{"rendered":"Rouen. Mr Fraize c\u00e8de sa place \u00e0 Mme Fraize pour son spectacle\u00a0: \u00ab\u00a0Un hommage aux femmes\u00a0\u00bb"},"content":{"rendered":"<p melodystyle=\"texte\">Une robe de satin verte, une coupe de cheveux sixties et une paire d&rsquo;escarpins rouges suffisent \u00e0 l&rsquo;humoriste Marc Fraize, dit Mr Fraize, pour se glisser dans la peau de son alter ego f\u00e9minin.<\/p>\n<p>Comment est n\u00e9e Mme Fraize\u00a0?<\/p>\n<p melodystyle=\"texte\">\u00ab\u00a0J&rsquo;ai tourn\u00e9 pendant plus de 20 ans avec Mr Fraize sur les planches, ce personnage victimaire, peureux et plein de d\u00e9fauts. Mr Fraize \u00e9tait abouti, j&rsquo;avais envie d&rsquo;un nouveau d\u00e9fi et d&rsquo;exprimer \u00e0 nouveau ma cr\u00e9ativit\u00e9. Incarner un personnage f\u00e9minin, c&rsquo;est vraiment le Graal pour un com\u00e9dien\u00a0! En 2020, en r\u00e9action au climat anxiog\u00e8ne qui \u00e9tait le n\u00f4tre, Mme Fraize a vu le jour. Avec ce spectacle, j&rsquo;ai fait le pari de faire rire avec\u00a0ce personnage. Ce dernier est\u00a0plus sain que Mr Fraize. Il respire le bonheur, voit le verre \u00e0 moiti\u00e9 plein quand d&rsquo;autres le voient \u00e0 moiti\u00e9 vide. Le personnage de Mme Fraize m&rsquo;a \u00e9t\u00e9 inspir\u00e9 par la phrase de Pr\u00e9vert qu&rsquo;aimait citer ma m\u00e8re\u00a0: &lsquo;Il faudrait essayer d&rsquo;\u00eatre heureux ne serait-ce que pour donner l&rsquo;exemple.'\u00a0\u00bb<\/p>\n<p>Qu&rsquo;ont-ils en commun\u00a0?<\/p>\n<p melodystyle=\"texte\">\u00ab\u00a0Leur ADN est commun. Ils sont tous les deux construits sur le mod\u00e8le du clown. Mais ils n&rsquo;ont aucun lien de parent\u00e9 et tout les oppose au niveau du caract\u00e8re. Mr Fraize est enferm\u00e9 dans ses pr\u00e9jug\u00e9s\u00a0&#8211;\u00a0c&rsquo;est plut\u00f4t mon p\u00e8re et mes fr\u00e8res qui m&rsquo;ont inspir\u00e9 &#8211;\u00a0alors que Mme Fraize est un hommage aux femmes de ma vie, ma m\u00e8re et mon \u00e9pouse. Mais pour les deux, j&rsquo;use des silences comme d&rsquo;une arme. L&rsquo;histoire est simple, pas trop bavarde. Ce qui compte, c&rsquo;est l&rsquo;incarnation. Le rythme lent, les silences sont ma marque de fabrique. Je suis volontairement \u00e0 contre-courant dans cette soci\u00e9t\u00e9 o\u00f9 tout va trop vite. Un silence peut dire beaucoup.\u00a0\u00bb<\/p>\n<p>Que partage Mme Fraize avec le public\u00a0?<\/p>\n<p melodystyle=\"texte\">\u00ab\u00a0Mme Fraize est \u00e9l\u00e9gante, tr\u00e8s expressive. Ce spectacle est une bulle hors du temps, une parenth\u00e8se de douceur. Mme Fraize nous parle d&rsquo;amour et du besoin d&rsquo;amour\u00a0: un th\u00e8me universel. Elle vit en couple et se confie sur sa relation. C&rsquo;est loin d&rsquo;\u00eatre rose, mais elle trouve le moyen de voir le positif partout.\u00a0\u00bb<\/p>\n<p style=\"font-weight:bold;color:#000;\">Pratique. Vendredi 14 novembre \u00e0 20h. Espace Marc Sangnier \u00e0 Mont-Saint-Aignan. Tarifs\u00a0: de 1\u20ac \u00e0 15\u20ac. culture.<a href=\"https:\/\/www.montsaintaignan.fr\/\" target=\"_blank\" rel=\"noopener\">montsaintaignan.fr<\/a>.<\/p>\n","protected":false},"excerpt":{"rendered":"Une robe de satin verte, une coupe de cheveux sixties et une paire d&rsquo;escarpins rouges suffisent \u00e0 l&rsquo;humoriste&hellip;\n","protected":false},"author":2,"featured_media":526905,"comment_status":"","ping_status":"","sticky":false,"template":"","format":"standard","meta":{"footnotes":""},"categories":[9587],"tags":[1111,11,1777,674,1011,27,12,5161,25,9590],"class_list":{"0":"post-526904","1":"post","2":"type-post","3":"status-publish","4":"format-standard","5":"has-post-thumbnail","7":"category-rouen","8":"tag-actu","9":"tag-actualites","10":"tag-eu","11":"tag-europe","12":"tag-fr","13":"tag-france","14":"tag-news","15":"tag-normandie","16":"tag-republique-francaise","17":"tag-rouen"},"share_on_mastodon":{"url":"https:\/\/pubeurope.com\/@fr\/115530522037295399","error":""},"_links":{"self":[{"href":"https:\/\/www.europesays.com\/fr\/wp-json\/wp\/v2\/posts\/526904","targetHints":{"allow":["GET"]}}],"collection":[{"href":"https:\/\/www.europesays.com\/fr\/wp-json\/wp\/v2\/posts"}],"about":[{"href":"https:\/\/www.europesays.com\/fr\/wp-json\/wp\/v2\/types\/post"}],"author":[{"embeddable":true,"href":"https:\/\/www.europesays.com\/fr\/wp-json\/wp\/v2\/users\/2"}],"replies":[{"embeddable":true,"href":"https:\/\/www.europesays.com\/fr\/wp-json\/wp\/v2\/comments?post=526904"}],"version-history":[{"count":0,"href":"https:\/\/www.europesays.com\/fr\/wp-json\/wp\/v2\/posts\/526904\/revisions"}],"wp:featuredmedia":[{"embeddable":true,"href":"https:\/\/www.europesays.com\/fr\/wp-json\/wp\/v2\/media\/526905"}],"wp:attachment":[{"href":"https:\/\/www.europesays.com\/fr\/wp-json\/wp\/v2\/media?parent=526904"}],"wp:term":[{"taxonomy":"category","embeddable":true,"href":"https:\/\/www.europesays.com\/fr\/wp-json\/wp\/v2\/categories?post=526904"},{"taxonomy":"post_tag","embeddable":true,"href":"https:\/\/www.europesays.com\/fr\/wp-json\/wp\/v2\/tags?post=526904"}],"curies":[{"name":"wp","href":"https:\/\/api.w.org\/{rel}","templated":true}]}}