{"id":526906,"date":"2025-11-11T10:10:28","date_gmt":"2025-11-11T10:10:28","guid":{"rendered":"https:\/\/www.europesays.com\/fr\/526906\/"},"modified":"2025-11-11T10:10:28","modified_gmt":"2025-11-11T10:10:28","slug":"dans-le-quartier-saint-hilaire-a-rouen-la-nouvelle-aire-de-jeux-fait-des-heureux","status":"publish","type":"post","link":"https:\/\/www.europesays.com\/fr\/526906\/","title":{"rendered":"dans le quartier Saint-Hilaire \u00e0 Rouen, la nouvelle aire de jeux fait des heureux"},"content":{"rendered":"<p>            Par<br \/>\n        <strong><br \/>\n            <a href=\"https:\/\/actu.fr\/auteur\/lily-dedeye\" title=\"Consulter tous les articles de Lily Dedeye\" rel=\"nofollow noopener\" target=\"_blank\">Lily Dedeye<\/a><br \/>\n        <\/strong><\/p>\n<p>        Publi\u00e9 le<\/p>\n<p>            11 nov. 2025 \u00e0 10h15        <\/p>\n<p>Le 6 novembre 2025 sur le parvis de l\u2019\u00e9glise Saint-Hilaire <a href=\"https:\/\/actu.fr\/normandie\/rouen_76540\" rel=\"nofollow noopener\" target=\"_blank\">\u00e0 Rouen<\/a>, <strong>une nouvelle aire de jeux a \u00e9t\u00e9 inaugur\u00e9e<\/strong>. L\u2019occasion pour enfants, parents, assistantes maternelles, amis, de se retrouver apr\u00e8s l\u2019\u00e9cole pour un moment, entre d\u00e9fouloir et convivialit\u00e9.<\/p>\n<p>Des jeux modernis\u00e9s \u00e0 Saint-Hilaire<\/p>\n<p class=\" wall-content\">En cette soir\u00e9e, la nuit tombe sur l\u2019\u00e9glise de Saint-Hilaire. Mais malgr\u00e9 l\u2019obscurit\u00e9, des rires r\u00e9sonnent. Sur l\u2019aire de jeux du parvis, des enfants se retrouvent et chahutent, sous le regard bienveillant de leurs parents.<\/p>\n<p class=\" wall-content\">Ce soir, <strong>c\u2019est jour d\u2019inauguration<\/strong>. Les jeux ont \u00e9t\u00e9 modernis\u00e9s par la Ville pour offrir \u00e0 la population rouennaise des espaces plus qualitatifs et s\u00e9curisants o\u00f9 se retrouver \u00e0 la sortie de l\u2019\u00e9cole. <a href=\"https:\/\/actu.fr\/tag\/nicolas-mayer-rossignol\" rel=\"nofollow noopener\" target=\"_blank\">Nicolas Mayer-Rossignol<\/a>, maire de la ville, constate satisfait : \u00ab\u00a0C\u2019est tr\u00e8s plaisant de voir les enfants s\u2019approprier si rapidement l\u2019aire de jeux. <strong>Nous venons seulement de finir les travaux<\/strong> et elle a d\u00e9j\u00e0 beaucoup de succ\u00e8s\u00a0\u00bb.\u00a0<\/p>\n<p class=\" wall-content\">Jean-Michel B\u00e9r\u00e9govoy, adjoint et pilote du projet a \u00e9t\u00e9 \u00e0 l\u2019initiative de nombreux am\u00e9nagements de ce type \u00e0 Rouen. R\u00e9cemment, il s\u2019est pench\u00e9 sur le secteur de Saint Hilaire car la demande y \u00e9tait forte. \u00ab\u00a0Tout l\u2019enjeu est de placer, <strong>les bons jeux au bon endroit<\/strong>. On savait que Saint Hilaire \u00e9tait un quartier strat\u00e9gique. Il y a un centre de loisirs et une \u00e9cole \u00e0 c\u00f4t\u00e9, beaucoup de familles s\u2019y retrouvaient d\u00e9j\u00e0 avant\u00a0\u00bb.<\/p>\n<p>Un projet r\u00e9fl\u00e9chi avec les habitants<\/p>\n<p class=\" wall-content\">Pour \u00eatre au plus proche des besoins de la population, le projet a \u00e9t\u00e9 r\u00e9fl\u00e9chi, discut\u00e9 et mis en \u0153uvre en collaboration avec les habitants du secteur. \u00ab\u00a0Nous leur avons fait des propositions et c\u2019est eux qui ont choisi le type de jeux\u00a0\u00bb, d\u00e9clare Jean-Michel B\u00e9r\u00e9govoy. \u00ab\u00a0Et quel que soit le quartier, nous offrons \u00e0 tous les m\u00eames am\u00e9nagements. <strong>Rive gauche ou rive droite<\/strong>, on respecte le principe d\u2019\u00e9galit\u00e9\u00a0\u00bb.<\/p>\n<p>Vid\u00e9os : en ce moment sur Actu<\/p>\n<p class=\" wall-content\">Ainsi, en seulement quelques mois, les am\u00e9nagements en ferrailles ont \u00e9t\u00e9 troqu\u00e9s contre\u00a0 de jolis jeux en bois. Une balan\u00e7oire a \u00e9t\u00e9 install\u00e9e, des jeux \u00e0 ressorts et d\u2019\u00e9quilibre ont \u00e9t\u00e9 positionn\u00e9s.<\/p>\n<p>Votre r\u00e9gion, votre actu !<\/p>\n<p>Recevez chaque jour les infos qui comptent pour vous.<\/p>\n<p>\t<a href=\"https:\/\/actu.fr\/newsletter\" class=\"ac-btn ac-btn--corner ac-btn--medium ac-btn--blue800\" rel=\"nofollow noopener\" target=\"_blank\">S&rsquo;incrire<\/a><\/p>\n<p class=\" wall-content\">L\u2019enqu\u00eate de terrain semble avoir port\u00e9 ses fruits car enfants et parents se sont d\u00e9j\u00e0 r\u00e9appropri\u00e9s les lieux. \u00a0\u00ab\u00a0On venait d\u00e9j\u00e0 ici avant, il y avait une aire de jeux mais elle \u00e9tait vieillissante. Nos enfants pouvaient limite tomber \u00e0 tout moment. Aujourd\u2019hui on se sent plus en s\u00e9curit\u00e9,\u00a0\u00bb affirme Coralie, une jeune maman.\u00a0 \u00ab\u00a0Avant il n\u2019y avait pas de balan\u00e7oire, \u00e7a manquait de jeux. <strong>C\u2019est beaucoup mieux<\/strong> maintenant\u00a0\u00bb rench\u00e9rit Patrice, un papa.<\/p>\n<p class=\" wall-content\">Seuls b\u00e9mols selon quelques familles : \u00ab\u00a0On pourrait peut-\u00eatre accentuer la s\u00e9curit\u00e9 au niveau de la balan\u00e7oire, je crains que mon enfant ne se fasse mal quand il court derri\u00e8re\u00a0\u00bb, exprime une maman. \u00ab\u00a0Et peut-\u00eatre mettre un abri pour l\u2019\u00e9t\u00e9 ou les jours de pluie, et ajouter des toilettes\u00a0\u00bb, finit Coralie en souriant.<\/p>\n<p>Suivez l\u2019actualit\u00e9 de Rouen <a href=\"https:\/\/www.whatsapp.com\/channel\/0029VaKfnf99hXF2ddApFB1D\" rel=\"nofollow noopener\" target=\"_blank\">sur notre cha\u00eene WhatsApp<\/a> et <a href=\"https:\/\/www.tiktok.com\/@76actu.fr?lang=fr\" rel=\"nofollow noopener\" target=\"_blank\">sur notre compte TikTok<\/a><\/p>\n<p class=\" wall-content\">Personnalisez votre actualit\u00e9 en ajoutant vos villes et m\u00e9dias en favori avec <a href=\"https:\/\/moncompte.actu.fr\" title=\"D\u00e9couvez Mon Actu\" rel=\"nofollow noopener\" data-trk=\"{&quot;cta&quot;:{&quot;action&quot;:&quot;https:\\\/\\\/moncompte.actu.fr&quot;,&quot;category&quot;:&quot;mon compte&quot;,&quot;from&quot;:&quot;article footer&quot;,&quot;name&quot;:&quot;Mon actu&quot;,&quot;type&quot;:&quot;cta&quot;}}\" target=\"_blank\">Mon Actu<\/a>.<\/p>\n<p>                    <script async src=\"\/\/www.tiktok.com\/embed.js\"><\/script><\/p>\n","protected":false},"excerpt":{"rendered":"Par Lily Dedeye Publi\u00e9 le 11 nov. 2025 \u00e0 10h15 Le 6 novembre 2025 sur le parvis de&hellip;\n","protected":false},"author":2,"featured_media":526907,"comment_status":"","ping_status":"","sticky":false,"template":"","format":"standard","meta":{"footnotes":""},"categories":[9587],"tags":[1111,11,1719,1777,674,1011,27,1652,12,13268,5161,25,9590],"class_list":{"0":"post-526906","1":"post","2":"type-post","3":"status-publish","4":"format-standard","5":"has-post-thumbnail","7":"category-rouen","8":"tag-actu","9":"tag-actualites","10":"tag-enfants","11":"tag-eu","12":"tag-europe","13":"tag-fr","14":"tag-france","15":"tag-loisirs-culture","16":"tag-news","17":"tag-nicolas-mayer-rossignol","18":"tag-normandie","19":"tag-republique-francaise","20":"tag-rouen"},"share_on_mastodon":{"url":"https:\/\/pubeurope.com\/@fr\/115530525963909419","error":""},"_links":{"self":[{"href":"https:\/\/www.europesays.com\/fr\/wp-json\/wp\/v2\/posts\/526906","targetHints":{"allow":["GET"]}}],"collection":[{"href":"https:\/\/www.europesays.com\/fr\/wp-json\/wp\/v2\/posts"}],"about":[{"href":"https:\/\/www.europesays.com\/fr\/wp-json\/wp\/v2\/types\/post"}],"author":[{"embeddable":true,"href":"https:\/\/www.europesays.com\/fr\/wp-json\/wp\/v2\/users\/2"}],"replies":[{"embeddable":true,"href":"https:\/\/www.europesays.com\/fr\/wp-json\/wp\/v2\/comments?post=526906"}],"version-history":[{"count":0,"href":"https:\/\/www.europesays.com\/fr\/wp-json\/wp\/v2\/posts\/526906\/revisions"}],"wp:featuredmedia":[{"embeddable":true,"href":"https:\/\/www.europesays.com\/fr\/wp-json\/wp\/v2\/media\/526907"}],"wp:attachment":[{"href":"https:\/\/www.europesays.com\/fr\/wp-json\/wp\/v2\/media?parent=526906"}],"wp:term":[{"taxonomy":"category","embeddable":true,"href":"https:\/\/www.europesays.com\/fr\/wp-json\/wp\/v2\/categories?post=526906"},{"taxonomy":"post_tag","embeddable":true,"href":"https:\/\/www.europesays.com\/fr\/wp-json\/wp\/v2\/tags?post=526906"}],"curies":[{"name":"wp","href":"https:\/\/api.w.org\/{rel}","templated":true}]}}