{"id":526910,"date":"2025-11-11T10:15:16","date_gmt":"2025-11-11T10:15:16","guid":{"rendered":"https:\/\/www.europesays.com\/fr\/526910\/"},"modified":"2025-11-11T10:15:16","modified_gmt":"2025-11-11T10:15:16","slug":"le-chasseur-fait-une-chute-mortelle-en-tentant-de-recuperer-son-gibier","status":"publish","type":"post","link":"https:\/\/www.europesays.com\/fr\/526910\/","title":{"rendered":"le chasseur fait une chute mortelle en tentant de r\u00e9cup\u00e9rer son gibier"},"content":{"rendered":"<p>\t\t\t\t\t\t\t\t\t\t\t<img decoding=\"async\" src=\"https:\/\/www.europesays.com\/fr\/wp-content\/uploads\/2025\/11\/1280x720_pres-de-grenoble-le-chasseur-fait-une-chute-mortelle-en-tentant-de-recuperer-son-gibier_691.jpeg\" alt=\"Pr\u00e8s de Grenoble : le chasseur fait une chute mortelle en tentant de r\u00e9cup\u00e9rer son gibier\" title=\"Pr\u00e8s de Grenoble : le chasseur fait une chute mortelle en tentant de r\u00e9cup\u00e9rer son gibier\" width=\"1280\" height=\"720\" class=\"img-fluid  mb-3\" loading=\"lazy\"\/>\t\t\t\t\t\t\t\t\t\t\t\t<\/p>\n<p>Pr\u00e8s de Grenoble : le chasseur fait une chute mortelle en tentant de r\u00e9cup\u00e9rer son gibier &#8211; DR<\/p>\n<p itemprop=\"description\"><strong>Deux morts, pour rien.<\/strong><\/p>\n<p>Ce lundi matin, un chasseur \u00e2g\u00e9 de 50 ans a r\u00e9ussi \u00e0 toucher sa proie dans le secteur du Grand Serre, sur la commune de La Morte. Sauf qu&rsquo;en tentant d&rsquo;aller r\u00e9cup\u00e9rer son gibier dans un secteur escarp\u00e9, il a fait une violente chute.<\/p>\n<p>Malgr\u00e9 l&rsquo;intervention des secours, appuy\u00e9s par un h\u00e9licopt\u00e8re de la S\u00e9curit\u00e9 civile, le quinquag\u00e9naire a \u00e9t\u00e9 retrouv\u00e9 mort. Son corps a \u00e9t\u00e9 h\u00e9liport\u00e9.<\/p>\n","protected":false},"excerpt":{"rendered":"Pr\u00e8s de Grenoble : le chasseur fait une chute mortelle en tentant de r\u00e9cup\u00e9rer son gibier &#8211; DR&hellip;\n","protected":false},"author":2,"featured_media":526911,"comment_status":"","ping_status":"","sticky":false,"template":"","format":"standard","meta":{"footnotes":""},"categories":[9566],"tags":[1111,11,7733,8279,2430,7736,650,7734,2889,2263,1777,674,1011,27,2731,8280,6417,1114,108,4662,12,3725,1825,25,7737],"class_list":{"0":"post-526910","1":"post","2":"type-post","3":"status-publish","4":"format-standard","5":"has-post-thumbnail","7":"category-grenoble","8":"tag-actu","9":"tag-actualites","10":"tag-alpes","11":"tag-alpes1","12":"tag-auvergne-rhone-alpes","13":"tag-cds","14":"tag-cinema","15":"tag-ecoute","16":"tag-emission","17":"tag-equipe","18":"tag-eu","19":"tag-europe","20":"tag-fr","21":"tag-france","22":"tag-grenoble","23":"tag-haute","24":"tag-information","25":"tag-infos","26":"tag-isere","27":"tag-journal","28":"tag-news","29":"tag-podcast","30":"tag-radio","31":"tag-republique-francaise","32":"tag-winamp"},"share_on_mastodon":{"url":"https:\/\/pubeurope.com\/@fr\/115530546569931462","error":""},"_links":{"self":[{"href":"https:\/\/www.europesays.com\/fr\/wp-json\/wp\/v2\/posts\/526910","targetHints":{"allow":["GET"]}}],"collection":[{"href":"https:\/\/www.europesays.com\/fr\/wp-json\/wp\/v2\/posts"}],"about":[{"href":"https:\/\/www.europesays.com\/fr\/wp-json\/wp\/v2\/types\/post"}],"author":[{"embeddable":true,"href":"https:\/\/www.europesays.com\/fr\/wp-json\/wp\/v2\/users\/2"}],"replies":[{"embeddable":true,"href":"https:\/\/www.europesays.com\/fr\/wp-json\/wp\/v2\/comments?post=526910"}],"version-history":[{"count":0,"href":"https:\/\/www.europesays.com\/fr\/wp-json\/wp\/v2\/posts\/526910\/revisions"}],"wp:featuredmedia":[{"embeddable":true,"href":"https:\/\/www.europesays.com\/fr\/wp-json\/wp\/v2\/media\/526911"}],"wp:attachment":[{"href":"https:\/\/www.europesays.com\/fr\/wp-json\/wp\/v2\/media?parent=526910"}],"wp:term":[{"taxonomy":"category","embeddable":true,"href":"https:\/\/www.europesays.com\/fr\/wp-json\/wp\/v2\/categories?post=526910"},{"taxonomy":"post_tag","embeddable":true,"href":"https:\/\/www.europesays.com\/fr\/wp-json\/wp\/v2\/tags?post=526910"}],"curies":[{"name":"wp","href":"https:\/\/api.w.org\/{rel}","templated":true}]}}