{"id":526912,"date":"2025-11-11T10:16:10","date_gmt":"2025-11-11T10:16:10","guid":{"rendered":"https:\/\/www.europesays.com\/fr\/526912\/"},"modified":"2025-11-11T10:16:10","modified_gmt":"2025-11-11T10:16:10","slug":"cette-boutique-lance-une-hotte-de-noel-pour-aider-les-familles-dans-le-besoin","status":"publish","type":"post","link":"https:\/\/www.europesays.com\/fr\/526912\/","title":{"rendered":"cette boutique lance une \u00ab\u00a0hotte de No\u00ebl\u00a0\u00bb pour aider les familles dans le besoin"},"content":{"rendered":"<p>            Par<br \/>\n        <strong><br \/>\n            <a href=\"https:\/\/actu.fr\/auteur\/laurene-fertin\" title=\"Consulter tous les articles de Laur\u00e8ne Fertin\" target=\"_blank\" rel=\"noopener\">Laur\u00e8ne Fertin<\/a><br \/>\n        <\/strong><\/p>\n<p>        Publi\u00e9 le<\/p>\n<p>            11 nov. 2025 \u00e0 10h40        <\/p>\n<p>Le magasin <strong>Cultura<\/strong> de <strong>Chantepie,<\/strong> pr\u00e8s de Rennes (Ille-et-Vilaine) organise jusqu\u2019\u00e0 la fin du mois de novembre <strong>une collecte de jouets<\/strong> pour les enfants en vue des f\u00eates de fin d\u2019ann\u00e9e.<\/p>\n<p class=\" wall-content\">Les clients et clientes, qui se rendront en magasin, pourront s\u00e9lectionner dans <strong>une liste<\/strong> les cadeaux qu\u2019ils ou elles souhaitent faire aux enfants\u2009: <strong>livres, jeux de soci\u00e9t\u00e9, peinture,<\/strong> ciseaux, crayons de couleur, papier \u00e0 dessin\u2026 De quoi faire plaisir, m\u00eame avec <strong>un petit budget.<\/strong><\/p>\n<p>Deux associations<\/p>\n<p class=\" wall-content\">Ces m\u00eames cadeaux seront alors revers\u00e9s \u00e0 deux associations\u2009: \u00e0<strong> l\u2019Institut de la m\u00e8re et de l\u2019enfant<\/strong> (pour l\u2019am\u00e9lioration de la sant\u00e9 de l\u2019enfant et de sa famille au CHU de Rennes) et <strong>le Secours populaire.<\/strong> \u00ab\u2009C\u2019est <strong>la premi\u00e8re fois<\/strong> que nous lan\u00e7ons cette initiative que nous avons appel\u00e9e hotte de No\u00ebl\u2009\u00bb, indique Brahim Ben Salama, directeur du magasin Cultura de Chantepie. <strong>\u00ab\u2009L\u2019id\u00e9e est venue de mes \u00e9quipes<\/strong>, et je les ai accompagn\u00e9es dans ce sens.\u2009\u00bb<\/p>\n<p class=\" wall-content\">Le but\u2009: faire en sorte que<strong> les familles dans le besoin<\/strong> puissent, elles aussi, passer un joyeux No\u00ebl. En fonction des contributions, <strong>cette op\u00e9ration pourra \u00eatre prolong\u00e9e <\/strong>au mois de d\u00e9cembre.<\/p>\n<p>Infos pratiques\u2009: magasin Cultura de Chantepie, All\u00e9e de Guerl\u00e9dan. Ouvert du lundi au samedi de 9h \u00e0 20h (mardi de 10h \u00e0 19h). Ferm\u00e9 le dimanche.<\/p>\n<p class=\" wall-content\">Personnalisez votre actualit\u00e9 en ajoutant vos villes et m\u00e9dias en favori avec <a href=\"https:\/\/moncompte.actu.fr\" title=\"D\u00e9couvez Mon Actu\" rel=\"nofollow noopener\" data-trk=\"{&quot;cta&quot;:{&quot;action&quot;:&quot;https:\\\/\\\/moncompte.actu.fr&quot;,&quot;category&quot;:&quot;mon compte&quot;,&quot;from&quot;:&quot;article footer&quot;,&quot;name&quot;:&quot;Mon actu&quot;,&quot;type&quot;:&quot;cta&quot;}}\" target=\"_blank\">Mon Actu<\/a>.<\/p>\n","protected":false},"excerpt":{"rendered":"Par Laur\u00e8ne Fertin Publi\u00e9 le 11 nov. 2025 \u00e0 10h40 Le magasin Cultura de Chantepie, pr\u00e8s de Rennes&hellip;\n","protected":false},"author":2,"featured_media":526913,"comment_status":"","ping_status":"","sticky":false,"template":"","format":"standard","meta":{"footnotes":""},"categories":[2821],"tags":[1111,11,829,1777,674,1011,27,12,57084,584,25,104,3400],"class_list":{"0":"post-526912","1":"post","2":"type-post","3":"status-publish","4":"format-standard","5":"has-post-thumbnail","7":"category-rennes","8":"tag-actu","9":"tag-actualites","10":"tag-bretagne","11":"tag-eu","12":"tag-europe","13":"tag-fr","14":"tag-france","15":"tag-news","16":"tag-noel-a-rennes","17":"tag-rennes","18":"tag-republique-francaise","19":"tag-societe","20":"tag-solidarite"},"share_on_mastodon":{"url":"https:\/\/pubeurope.com\/@fr\/115530549851410993","error":""},"_links":{"self":[{"href":"https:\/\/www.europesays.com\/fr\/wp-json\/wp\/v2\/posts\/526912","targetHints":{"allow":["GET"]}}],"collection":[{"href":"https:\/\/www.europesays.com\/fr\/wp-json\/wp\/v2\/posts"}],"about":[{"href":"https:\/\/www.europesays.com\/fr\/wp-json\/wp\/v2\/types\/post"}],"author":[{"embeddable":true,"href":"https:\/\/www.europesays.com\/fr\/wp-json\/wp\/v2\/users\/2"}],"replies":[{"embeddable":true,"href":"https:\/\/www.europesays.com\/fr\/wp-json\/wp\/v2\/comments?post=526912"}],"version-history":[{"count":0,"href":"https:\/\/www.europesays.com\/fr\/wp-json\/wp\/v2\/posts\/526912\/revisions"}],"wp:featuredmedia":[{"embeddable":true,"href":"https:\/\/www.europesays.com\/fr\/wp-json\/wp\/v2\/media\/526913"}],"wp:attachment":[{"href":"https:\/\/www.europesays.com\/fr\/wp-json\/wp\/v2\/media?parent=526912"}],"wp:term":[{"taxonomy":"category","embeddable":true,"href":"https:\/\/www.europesays.com\/fr\/wp-json\/wp\/v2\/categories?post=526912"},{"taxonomy":"post_tag","embeddable":true,"href":"https:\/\/www.europesays.com\/fr\/wp-json\/wp\/v2\/tags?post=526912"}],"curies":[{"name":"wp","href":"https:\/\/api.w.org\/{rel}","templated":true}]}}