{"id":526932,"date":"2025-11-11T10:32:16","date_gmt":"2025-11-11T10:32:16","guid":{"rendered":"https:\/\/www.europesays.com\/fr\/526932\/"},"modified":"2025-11-11T10:32:16","modified_gmt":"2025-11-11T10:32:16","slug":"un-homme-condamne-a-de-la-prison-par-le-tribunal-a-toulouse","status":"publish","type":"post","link":"https:\/\/www.europesays.com\/fr\/526932\/","title":{"rendered":"un homme condamn\u00e9 \u00e0 de la prison par le tribunal \u00e0 Toulouse"},"content":{"rendered":"<p>            Par<br \/>\n        <strong><br \/>\n            <a href=\"https:\/\/actu.fr\/auteur\/paul-2\" title=\"Consulter tous les articles de Paul Halbedel\" target=\"_blank\" rel=\"noopener\">Paul Halbedel<\/a><br \/>\n        <\/strong><\/p>\n<p>        Publi\u00e9 le<\/p>\n<p>            11 nov. 2025 \u00e0 9h23        <\/p>\n<p>Il a comparu mercredi 5 novembre devant le tribunal correctionnel de Toulouse pour r\u00e9pondre d\u2019une longue s\u00e9rie de chefs d\u2019accusation : <b>r\u00e9bellion<\/b>, <b>menace de mort ou d\u2019atteinte aux biens dangereuse pour les personnes<\/b>, <b>violences<\/b>,\u00a0<b>outrages<\/b>\u2026 Des faits remontant au jeudi 4 septembre 2025 dans la commune de <a href=\"https:\/\/actu.fr\/occitanie\/villefranche-de-lauragais_31582\" target=\"_blank\" rel=\"noopener\">Villefranche-de-Lauragais<\/a>. Ce jour-l\u00e0, cet <b>homme \u00e2g\u00e9 de 31\u00a0ans<\/b> avait \u00e9t\u00e9 interpell\u00e9 par les forces de l\u2019ordre apr\u00e8s avoir adopt\u00e9 <b>\u00ab un comportement dangereux en marchant au milieu des routes de campagne \u00bb<\/b>, puis <b>s\u2019en \u00eatre pris aux gendarmes<\/b> venus \u00e0 sa rencontre, renseigne le Parquet de Toulouse.<\/p>\n<p>Violences et menaces et exhibition sexuelle<\/p>\n<p class=\" wall-content\">L\u2019individu \u2013 \u00ab au <b>profil n\u00e9cessitant des soins psychiatriques<\/b> \u00bb, renseigne le tribunal \u2013 avait alors commis des <b>violences en direction des militaires<\/b>. Avant de <b>prof\u00e9rer des menaces<\/b> dans la foul\u00e9e. Des actes qu\u2019il a reconnus devant la justice, au contraire des faits d\u2019<b>exhibition sexuelle<\/b> pour lequel il \u00e9tait \u00e9galement invit\u00e9 \u00e0 s\u2019expliquer devant le tribunal.<\/p>\n<p class=\" wall-content\">Parmi les faits qui lui sont \u00e9galement reproch\u00e9s d\u2019avoir commis le m\u00eame jour, mais \u00e0 Toulouse cette fois : une \u00ab menace de mort ou d\u2019atteinte aux biens dangereuse pour les personnes \u00bb, formul\u00e9e <b>\u00e0 l\u2019encontre d\u2019une charg\u00e9e de mission de service public<\/b>.<\/p>\n<p class=\" wall-content\">R\u00e9cidiviste, le trentenaire a finalement \u00e9cop\u00e9 d\u2019une peine de <b>16\u00a0mois de prison<\/b> \u00e0 l\u2019issue de son proc\u00e8s en ce d\u00e9but du mois de novembre et a \u00e9t\u00e9 <b>plac\u00e9 en d\u00e9tention<\/b>.<\/p>\n<p>Alt\u00e9ration du discernement<\/p>\n<p class=\" wall-content\">Le Parquet de Toulouse pr\u00e9cise, qu\u2019au moment de prononcer sa peine, le tribunal a retenu l\u2019existence d\u2019un <b>trouble psychique ou neuropsychique<\/b> <b>ayant alt\u00e9r\u00e9 le discernement<\/b> du mis en cause au moment des faits.<\/p>\n<p class=\" wall-content\">Notons que l\u2019homme a par ailleurs \u00e9t\u00e9 condamn\u00e9 \u00e0 une <b>peine d\u2019in\u00e9ligibilit\u00e9 pour une dur\u00e9e de cinq ans<\/b> et que s<b>on nom sera inscrit au fichier national automatis\u00e9 des empreintes g\u00e9n\u00e9tiques<\/b>.<\/p>\n<p class=\" wall-content\">Personnalisez votre actualit\u00e9 en ajoutant vos villes et m\u00e9dias en favori avec <a href=\"https:\/\/moncompte.actu.fr\" title=\"D\u00e9couvez Mon Actu\" rel=\"nofollow noopener\" data-trk=\"{&quot;cta&quot;:{&quot;action&quot;:&quot;https:\\\/\\\/moncompte.actu.fr&quot;,&quot;category&quot;:&quot;mon compte&quot;,&quot;from&quot;:&quot;article footer&quot;,&quot;name&quot;:&quot;Mon actu&quot;,&quot;type&quot;:&quot;cta&quot;}}\" target=\"_blank\">Mon Actu<\/a>.<\/p>\n","protected":false},"excerpt":{"rendered":"Par Paul Halbedel Publi\u00e9 le 11 nov. 2025 \u00e0 9h23 Il a comparu mercredi 5 novembre devant le&hellip;\n","protected":false},"author":2,"featured_media":526933,"comment_status":"","ping_status":"","sticky":false,"template":"","format":"standard","meta":{"footnotes":""},"categories":[2816],"tags":[1111,11,1777,674,118,1011,27,3381,303,12,2680,25,2312],"class_list":{"0":"post-526932","1":"post","2":"type-post","3":"status-publish","4":"format-standard","5":"has-post-thumbnail","7":"category-toulouse","8":"tag-actu","9":"tag-actualites","10":"tag-eu","11":"tag-europe","12":"tag-faits-divers","13":"tag-fr","14":"tag-france","15":"tag-gendarmerie","16":"tag-justice","17":"tag-news","18":"tag-occitanie","19":"tag-republique-francaise","20":"tag-toulouse"},"share_on_mastodon":{"url":"https:\/\/pubeurope.com\/@fr\/115530612414258041","error":""},"_links":{"self":[{"href":"https:\/\/www.europesays.com\/fr\/wp-json\/wp\/v2\/posts\/526932","targetHints":{"allow":["GET"]}}],"collection":[{"href":"https:\/\/www.europesays.com\/fr\/wp-json\/wp\/v2\/posts"}],"about":[{"href":"https:\/\/www.europesays.com\/fr\/wp-json\/wp\/v2\/types\/post"}],"author":[{"embeddable":true,"href":"https:\/\/www.europesays.com\/fr\/wp-json\/wp\/v2\/users\/2"}],"replies":[{"embeddable":true,"href":"https:\/\/www.europesays.com\/fr\/wp-json\/wp\/v2\/comments?post=526932"}],"version-history":[{"count":0,"href":"https:\/\/www.europesays.com\/fr\/wp-json\/wp\/v2\/posts\/526932\/revisions"}],"wp:featuredmedia":[{"embeddable":true,"href":"https:\/\/www.europesays.com\/fr\/wp-json\/wp\/v2\/media\/526933"}],"wp:attachment":[{"href":"https:\/\/www.europesays.com\/fr\/wp-json\/wp\/v2\/media?parent=526932"}],"wp:term":[{"taxonomy":"category","embeddable":true,"href":"https:\/\/www.europesays.com\/fr\/wp-json\/wp\/v2\/categories?post=526932"},{"taxonomy":"post_tag","embeddable":true,"href":"https:\/\/www.europesays.com\/fr\/wp-json\/wp\/v2\/tags?post=526932"}],"curies":[{"name":"wp","href":"https:\/\/api.w.org\/{rel}","templated":true}]}}