{"id":526934,"date":"2025-11-11T10:33:12","date_gmt":"2025-11-11T10:33:12","guid":{"rendered":"https:\/\/www.europesays.com\/fr\/526934\/"},"modified":"2025-11-11T10:33:12","modified_gmt":"2025-11-11T10:33:12","slug":"un-enorme-chantier-est-lance-sur-la-ligne-a-grande-vitesse-lille-paris","status":"publish","type":"post","link":"https:\/\/www.europesays.com\/fr\/526934\/","title":{"rendered":"Un \u00e9norme chantier est lanc\u00e9 sur la ligne \u00e0 grande vitesse Lille-Paris"},"content":{"rendered":"<p>            Par<br \/>\n        <strong><br \/>\n            <a href=\"https:\/\/actu.fr\/auteur\/amandine-vachez\" title=\"Consulter tous les articles de Amandine Vachez\" target=\"_blank\" rel=\"noopener\">Amandine Vachez<\/a><br \/>\n        <\/strong><\/p>\n<p>        Publi\u00e9 le<\/p>\n<p>            11 nov. 2025 \u00e0 11h06        <\/p>\n<p>Dans la nuit du 20\u00a0octobre dernier, un <b>\u00e9norme chantier<\/b> \u00e9tait officiellement lanc\u00e9 sur la<b> ligne LGV <\/b>reliant <a href=\"https:\/\/actu.fr\/lille\/\" target=\"_blank\" rel=\"noopener\">Lille<\/a> (Nord) \u00e0 <a href=\"https:\/\/actu.fr\/paris\/\" target=\"_blank\" rel=\"noopener\">Paris<\/a> (Ile-de-France). Les ouvriers ont travaill\u00e9 de nuit, entre les passages des trains du soir et du matin \u00e0 Izel-l\u00e8s-\u00c9querchin, dans le Pas-de-Calais. Ces <a href=\"https:\/\/actu.fr\/tag\/travaux\" target=\"_blank\" rel=\"noopener\">travaux<\/a>, qui vont <b>se poursuivre jusqu\u2019en 2034<\/b>, repr\u00e9sentent un<b> investissement de 30\u00a0millions d\u2019euros pour SNCF R\u00e9seau<\/b>. Pr\u00e9cisions.<\/p>\n<p>Une \u00ab\u2009\u00e9tape majeure\u2009\u00bb dans la modernisation de la ligne<\/p>\n<p class=\" wall-content\">\u00ab\u2009Ce chantier marque une nouvelle \u00e9tape majeure dans la modernisation de la ligne \u00e0 grande vitesse Nord\u2009\u00bb, appuie Marie-C\u00e9line Masson, directrice territoriale Hauts-de-France pour SNCF R\u00e9seau. Il succ\u00e8de au <b>renouvellement int\u00e9gral du rail et du ballast, r\u00e9alis\u00e9 entre\u00a02015 et\u00a02024.<\/b><\/p>\n<p class=\" wall-content\">Heureusement, ces travaux de grande ampleur ne perturberont pas la circulation des trains, et donc des voyageurs. Mais ce chantier de l\u2019ombre reste impressionnant\u2009! Sur la prochaine d\u00e9cennie, les <b>64 aiguillages de la ligne<\/b> vont \u00eatre modernis\u00e9s. Chacun mesure <b>160\u00a0m\u00e8tres de long\u2009<\/b>! Ils sont cinq fois plus que sur une ligne classique, nous indique la SNCF.<\/p>\n<p>Quatre aiguillages chang\u00e9s en 2025, 80\u00a0personnes chaque nuit<\/p>\n<p class=\" wall-content\">Le chantier a donc commenc\u00e9 dans le Pas-de-Calais en 2025.<b> Quatre nouveaux aiguillages<\/b>, fabriqu\u00e9s dans la r\u00e9gion (dans l\u2019Aisne et l\u2019Oise), sont pos\u00e9s cette fin d\u2019ann\u00e9e. Des travaux qui n\u00e9cessitent une grande technicit\u00e9. Plusieurs \u00e9tapes sont n\u00e9cessaires\u2009: apr\u00e8s la fabrication, l\u2019acheminement par voie ferr\u00e9e, le montage des aiguillages aux abords de la voie sur une plateforme d\u00e9di\u00e9e, et enfin la pose des aiguillages.<\/p>\n<p>    <img   decoding=\"async\" loading=\"lazy\" class=\"size-large\" src=\"https:\/\/www.europesays.com\/fr\/wp-content\/uploads\/2025\/11\/1e516e78f1196b5026e78f119c5726v-960x559.jpg\" alt=\"Jusqu'\u00e0 80 personnes sont mobilis\u00e9es chaque nuit sur le chantier, qui a commenc\u00e9 en octobre 2025 dans le Nord - Pas-de-Calais.\" width=\"960\" height=\"559\"\/><br \/>\n    Jusqu\u2019\u00e0 80\u00a0personnes sont mobilis\u00e9es chaque nuit sur le chantier, qui a commenc\u00e9 en octobre\u00a02025 dans le Nord \u2013 Pas-de-Calais. \u00a9SNCF R\u00e9seau<\/p>\n<p class=\" wall-content\"><b>Jusqu\u2019\u00e0 80\u00a0personnes sont mobilis\u00e9es chaque nuit<\/b> pour garantir le bon d\u00e9roulement des travaux, indique SNCF R\u00e9seau. Le chantier pr\u00e9voit aussi 2\u2009000\u00a0heures d\u2019insertion professionnelle (soit l\u2019\u00e9quivalent de 3 temps plein pendant 6\u00a0mois).<\/p>\n<p class=\" wall-content\">\u00ab\u00a0Depuis plus de 30\u00a0ans, cette infrastructure embl\u00e9matique relie les territoires et soutient la vitalit\u00e9 \u00e9conomique de notre r\u00e9gion. Avec ce chantier, la SNCF souhaite<b> \u00ab\u00a0garanti [r] la performance, la fiabilit\u00e9 et la s\u00e9curit\u00e9 <\/b>de la ligne la plus circul\u00e9e de la r\u00e9gion\u00a0\u00bb, met en avant la repr\u00e9sentante r\u00e9gionale. \u00a0Mise en service en 1993, la LGV Nord permet de relier Paris au Tunnel sous la Manche et \u00e0 la fronti\u00e8re belge, via Lille. Elle voit <b>circuler chaque jour environ 200 trains<\/b> \u00e0 grande vitesse (TGV, Lyria ou Eurostar).<\/p>\n<p class=\" wall-content\">Personnalisez votre actualit\u00e9 en ajoutant vos villes et m\u00e9dias en favori avec <a href=\"https:\/\/moncompte.actu.fr\" title=\"D\u00e9couvez Mon Actu\" rel=\"nofollow noopener\" data-trk=\"{&quot;cta&quot;:{&quot;action&quot;:&quot;https:\\\/\\\/moncompte.actu.fr&quot;,&quot;category&quot;:&quot;mon compte&quot;,&quot;from&quot;:&quot;article footer&quot;,&quot;name&quot;:&quot;Mon actu&quot;,&quot;type&quot;:&quot;cta&quot;}}\" target=\"_blank\">Mon Actu<\/a>.<\/p>\n","protected":false},"excerpt":{"rendered":"Par Amandine Vachez Publi\u00e9 le 11 nov. 2025 \u00e0 11h06 Dans la nuit du 20\u00a0octobre dernier, un \u00e9norme&hellip;\n","protected":false},"author":2,"featured_media":526935,"comment_status":"","ping_status":"","sticky":false,"template":"","format":"standard","meta":{"footnotes":""},"categories":[2815],"tags":[1111,11,1777,674,1011,27,811,1307,12,25,2215,104,2086],"class_list":{"0":"post-526934","1":"post","2":"type-post","3":"status-publish","4":"format-standard","5":"has-post-thumbnail","7":"category-lille","8":"tag-actu","9":"tag-actualites","10":"tag-eu","11":"tag-europe","12":"tag-fr","13":"tag-france","14":"tag-hauts-de-france","15":"tag-lille","16":"tag-news","17":"tag-republique-francaise","18":"tag-sncf","19":"tag-societe","20":"tag-travaux"},"share_on_mastodon":{"url":"https:\/\/pubeurope.com\/@fr\/115530617150322800","error":""},"_links":{"self":[{"href":"https:\/\/www.europesays.com\/fr\/wp-json\/wp\/v2\/posts\/526934","targetHints":{"allow":["GET"]}}],"collection":[{"href":"https:\/\/www.europesays.com\/fr\/wp-json\/wp\/v2\/posts"}],"about":[{"href":"https:\/\/www.europesays.com\/fr\/wp-json\/wp\/v2\/types\/post"}],"author":[{"embeddable":true,"href":"https:\/\/www.europesays.com\/fr\/wp-json\/wp\/v2\/users\/2"}],"replies":[{"embeddable":true,"href":"https:\/\/www.europesays.com\/fr\/wp-json\/wp\/v2\/comments?post=526934"}],"version-history":[{"count":0,"href":"https:\/\/www.europesays.com\/fr\/wp-json\/wp\/v2\/posts\/526934\/revisions"}],"wp:featuredmedia":[{"embeddable":true,"href":"https:\/\/www.europesays.com\/fr\/wp-json\/wp\/v2\/media\/526935"}],"wp:attachment":[{"href":"https:\/\/www.europesays.com\/fr\/wp-json\/wp\/v2\/media?parent=526934"}],"wp:term":[{"taxonomy":"category","embeddable":true,"href":"https:\/\/www.europesays.com\/fr\/wp-json\/wp\/v2\/categories?post=526934"},{"taxonomy":"post_tag","embeddable":true,"href":"https:\/\/www.europesays.com\/fr\/wp-json\/wp\/v2\/tags?post=526934"}],"curies":[{"name":"wp","href":"https:\/\/api.w.org\/{rel}","templated":true}]}}